{"id":22532,"date":"2026-02-17T15:26:19","date_gmt":"2026-02-17T14:26:19","guid":{"rendered":"https:\/\/serbenidorm.daliisolutions.com\/index.php\/2026\/02\/17\/conoce-a-los-ganadores-de-los-iv-premios-radio-benidorm\/"},"modified":"2026-02-17T15:26:19","modified_gmt":"2026-02-17T14:26:19","slug":"conoce-a-los-ganadores-de-los-iv-premios-radio-benidorm","status":"publish","type":"post","link":"https:\/\/serbenidorm.daliisolutions.com\/index.php\/2026\/02\/17\/conoce-a-los-ganadores-de-los-iv-premios-radio-benidorm\/","title":{"rendered":"Conoce a los ganadores de los IV Premios Radio Benidorm"},"content":{"rendered":" <p>La Cadena SER en la Marina Baixa ha dado a conocer a los galardonados de la cuarta edici\u00f3n de los Premios Radio Benidorm que se entregar\u00e1n durante la gala anual que se celebrar\u00e1 este mi\u00e9rcoles 4 de marzo en el Hotel Meli\u00e1 Villaitana. Los premios reconocen a las personalidades, instituciones e iniciativas que han marcado el a\u00f1o 2025 en los \u00e1mbitos cultural, social, deportivo o empresarial.<\/p>  <p>La presentaci\u00f3n de la gala correr\u00e1 a cargo de los editores de Radio Benidorm Jorge Garc\u00eda, Nico Van Looy y Silvia Yus. Una ceremonia que combinar\u00e1 radio, m\u00fasica y humor con las actuaciones de Keru S\u00e1nchez. <a href=\"https:\/\/cadenaser.com\/tag\/benidorm\/a\/\" target=\"_blank\" rel=\"nofollow\" title=\"https:\/\/cadenaser.com\/tag\/benidorm\/a\/\">Las invitaciones para asistir se pueden conseguir en la emisora<\/a> (V\u00eda Emilio Ortu\u00f1o, n\u00ba6, 5\u00aaplanta).<\/p>  <p>En reconocimiento a su labor continuada e incansable por inculcar a varias generaciones de j\u00f3venes el respeto por nuestro entorno natural. Estas asociaciones juveniles no s\u00f3lo promueven el conocimiento del medio ambiente mediante actividades al aire libre y experiencias formativas, sino que tambi\u00e9n ofrecen una alternativa de ocio educativo que fomenta la convivencia, la responsabilidad y el compromiso con los valores ecol\u00f3gicos. <\/p>  <p>Por su extraordinario compromiso humano y valent\u00eda al protagonizar el reto solidario de unir, sobre una tabla de windsurf, la costa de Benidorm con Ibiza en una iniciativa bautizada como \u00abWindsurfer contra el c\u00e1ncer\u00bb. Por encima del no logrado reto deportivo, s\u00ed consigui\u00f3 el principal objetivo de la aventura: recaudar fondos para la investigaci\u00f3n contra el c\u00e1ncer de mama y oncol\u00f3gico y, sobre todo, llamar la atenci\u00f3n medi\u00e1tica y social sobre la enfermedad y la labor impagable de la asociaci\u00f3n An\u00e9mona Marina Baixa.<\/p>  <p>Por haber cumplido medio siglo representando la excelencia del turismo de calidad en la Villa Blanca y en toda la Marina Baixa. Nacido del empe\u00f1o y la visi\u00f3n de sus valientes fundadores y asentado ahora por el impulso y la ilusi\u00f3n de la segunda generaci\u00f3n, ha sabido siempre adaptarse a los cambios demandados por el mercado y a la b\u00fasqueda de propuestas de valor para los visitantes, manteniendo unos est\u00e1ndares de servicio que han contribuido de manera determinante a nuestro prestigio tur\u00edstico. <\/p>  <p>Por su hist\u00f3rico ascenso a la Superliga, m\u00e1xima categor\u00eda del voleibol nacional. Este logro deportivo representa no s\u00f3lo una cota m\u00e1xima en la historia de la entidad, sino tambi\u00e9n un orgullo para toda la ciudad y su entorno, llevando el nombre de Benidorm y de la Marina Baixa por todo el territorio nacional con compromiso, esfuerzo colectivo y esp\u00edritu competitivo. <\/p>  <p>Porque su organizaci\u00f3n se ha convertido, en apenas cuatro ediciones, en un pilar fundamental para la desestacionalizaci\u00f3n de la oferta tur\u00edstica local y de la Costa Blanca en su conjunto. Este evento ha sabido integrar la pr\u00e1ctica deportiva con la promoci\u00f3n del destino, atrayendo visitantes en \u00e9pocas tradicionalmente menos concurridas y consolidando a Benidorm como epicentro de citas internacionales que impulsan la econom\u00eda, la proyecci\u00f3n y la diversidad de experiencias tur\u00edsticas.<\/p>  <p>En el marco de su 70 aniversario y por haberse erigido como un referente de excelencia educativa en Benidorm y la Marina Baixa. A lo largo de siete d\u00e9cadas, este centro ha sido el inicio del camino vital de m\u00faltiples generaciones, gui\u00e1ndolas con rigor acad\u00e9mico, esp\u00edritu cr\u00edtico y valores humanos que han contribuido a forjar tanto profesionales como ciudadanos responsables y comprometidos con su entorno.<\/p>  <p>Por su decisiva contribuci\u00f3n a la formaci\u00f3n musical de varias generaciones y, muy especialmente, por la creaci\u00f3n del pasodoble \u201cFiesta en Benidorm\u201d, que se ha consolidado como Himno Oficial de les Festes Majors Patronals. Su obra y trayectoria han abonado el terreno para que la m\u00fasica festera sea un poderoso elemento identitario y v\u00ednculo de uni\u00f3n entre pe\u00f1istas.<\/p>  <p>Por su carrera como m\u00fasico, director y docente, as\u00ed como por su decidido impulso para unir y ensalzar el trabajo de las bandas de Benidorm. Su labor ha enriquecido el panorama musical local y ha fortalecido la presencia de la m\u00fasica como patrimonio cultural vivo en nuestras fiestas y vida comunitaria.<\/p>  <p>Por m\u00e1s de cuatro d\u00e9cadas de trabajo constante, 24 horas al servicio de vecinos, trabajadores y turistas. Esta trayectoria ininterrumpida se ha convertido en una marca inseparable a la vida social del Rinc\u00f3n de Loix y compartida por varias generaciones de benidormenses.<\/p>  <p>Por la singular mirada de su fotograf\u00eda, que ha sabido capturar la luz, la esencia y la belleza de Benidorm y la Marina Baixa, proyectando estas im\u00e1genes m\u00e1s all\u00e1 de nuestras fronteras y contribuyendo as\u00ed a la promoci\u00f3n cultural y tur\u00edstica de nuestro destino. Su obra fotogr\u00e1fica se erige en testimonio art\u00edstico y documento visual de una tierra luminosa y vibrante.<\/p>  <p>Por su proyecto de investigaci\u00f3n que combina deporte, discapacidad intelectual y empleabilidad que le ha valido el Premio Nacional de Divulgaci\u00f3n Cient\u00edfica. La tesis de esta joven alfasina se ha centrado en c\u00f3mo entrenar las denominadas \u00abhabilidades blandas\u00bb \u2014como la toma de decisiones, la resoluci\u00f3n de conflictos o el trabajo en equipo\u2014 mediante actividades f\u00edsicas adaptadas, en el marco de un programa formativo espec\u00edfico para personas con discapacidad intelectual.<\/p>  <p>Por los cuarenta a\u00f1os de ininterrumpido esfuerzo y contribuci\u00f3n a una de nuestras industrias m\u00e1s emblem\u00e1ticas: la hosteler\u00eda. Esta asociaci\u00f3n ha sido pilar fundamental en la construcci\u00f3n de la identidad tur\u00edstica de Benidorm, defendiendo y representando los intereses de un sector durante los periodos de m\u00e1s afluencia y, sobre todo, de los de menos visitantes, contribuyendo decisivamente a la desestacionalizaci\u00f3n a trav\u00e9s del Benidorm Gastron\u00f3mico.<\/p> ","protected":false},"excerpt":{"rendered":"<p>Los galardones se entregar\u00e1n este mi\u00e9rcoles 4 de marzo durante la gala anual de la Cadena SER en la Marina Baixa<\/p>\n","protected":false},"author":0,"featured_media":22533,"comment_status":"","ping_status":"open","sticky":false,"template":"","format":"standard","meta":{"_acf_changed":false,"footnotes":""},"categories":[1],"tags":[],"class_list":["post-22532","post","type-post","status-publish","format-standard","has-post-thumbnail","hentry","category-sin-categoria"],"acf":{"ser_id":"4BQYKJATE5BJ3B3OBTOFHGDTBM","ser_url":"https:\/\/cadenaser.com\/comunitat-valenciana\/2026\/02\/17\/conoce-a-los-ganadores-de-los-iv-premios-radio-benidorm-radio-benidorm\/"},"_links":{"self":[{"href":"https:\/\/serbenidorm.daliisolutions.com\/index.php\/wp-json\/wp\/v2\/posts\/22532","targetHints":{"allow":["GET"]}}],"collection":[{"href":"https:\/\/serbenidorm.daliisolutions.com\/index.php\/wp-json\/wp\/v2\/posts"}],"about":[{"href":"https:\/\/serbenidorm.daliisolutions.com\/index.php\/wp-json\/wp\/v2\/types\/post"}],"replies":[{"embeddable":true,"href":"https:\/\/serbenidorm.daliisolutions.com\/index.php\/wp-json\/wp\/v2\/comments?post=22532"}],"version-history":[{"count":0,"href":"https:\/\/serbenidorm.daliisolutions.com\/index.php\/wp-json\/wp\/v2\/posts\/22532\/revisions"}],"wp:featuredmedia":[{"embeddable":true,"href":"https:\/\/serbenidorm.daliisolutions.com\/index.php\/wp-json\/wp\/v2\/media\/22533"}],"wp:attachment":[{"href":"https:\/\/serbenidorm.daliisolutions.com\/index.php\/wp-json\/wp\/v2\/media?parent=22532"}],"wp:term":[{"taxonomy":"category","embeddable":true,"href":"https:\/\/serbenidorm.daliisolutions.com\/index.php\/wp-json\/wp\/v2\/categories?post=22532"},{"taxonomy":"post_tag","embeddable":true,"href":"https:\/\/serbenidorm.daliisolutions.com\/index.php\/wp-json\/wp\/v2\/tags?post=22532"}],"curies":[{"name":"wp","href":"https:\/\/api.w.org\/{rel}","templated":true}]}}