{"id":22547,"date":"2026-02-17T19:16:39","date_gmt":"2026-02-17T18:16:39","guid":{"rendered":"https:\/\/serbenidorm.daliisolutions.com\/index.php\/2026\/02\/17\/un-accidente-de-trafico-en-benidorm-deja-dos-heridos-leves-y-retenciones-en-la-n-332\/"},"modified":"2026-02-17T19:16:39","modified_gmt":"2026-02-17T18:16:39","slug":"un-accidente-de-trafico-en-benidorm-deja-dos-heridos-leves-y-retenciones-en-la-n-332","status":"publish","type":"post","link":"https:\/\/serbenidorm.daliisolutions.com\/index.php\/2026\/02\/17\/un-accidente-de-trafico-en-benidorm-deja-dos-heridos-leves-y-retenciones-en-la-n-332\/","title":{"rendered":"Un accidente de tr\u00e1fico en Benidorm deja dos heridos leves y retenciones en la N-332"},"content":{"rendered":" <p>Un accidente de tr\u00e1fico en la carretera N-332 en direcci\u00f3n Villajoyosa y a la altura de la entrada a Benidorm por la avenida Beniard\u00e0 se ha saldado con dos heridos leves e importantes retenciones durante la tarde de este martes.<\/p>  <p>Seg\u00fan han indicado desde el dispositivo de emergencia desplazado al lugar el motivo habr\u00eda sido el <a href=\"https:\/\/cadenaser.com\/tag\/benidorm\/a\/\" target=\"_blank\" rel=\"nofollow\" title=\"https:\/\/cadenaser.com\/tag\/benidorm\/a\/\">alcance de dos veh\u00edculos y, aunque uno de ellos ha terminado ardiendo, sus pasajeros no han sufrido da\u00f1os de especial relevancia<\/a>.<\/p>  <p>Las im\u00e1genes de la gran columna de humo generada por el coche en llamas han sorprendido a todos los que circulaban por la citada carretera nacional, donde Guardia Civil y bomberos del Consorcio Provincial de Alicante han atendido el accidente y la Polic\u00eda Local de Benidorm ha intentado reducir el atasco generado por esta causa.<\/p> ","protected":false},"excerpt":{"rendered":"<p>El alcance de dos veh\u00edculos ha acabado con uno de ellos devorado por las llamas<\/p>\n","protected":false},"author":0,"featured_media":22548,"comment_status":"","ping_status":"open","sticky":false,"template":"","format":"standard","meta":{"_acf_changed":false,"footnotes":""},"categories":[1],"tags":[],"class_list":["post-22547","post","type-post","status-publish","format-standard","has-post-thumbnail","hentry","category-sin-categoria"],"acf":{"ser_id":"MWHHWASO5BDYDLG67NSYZSWC4E","ser_url":"https:\/\/cadenaser.com\/comunitat-valenciana\/2026\/02\/17\/un-accidente-de-trafico-en-benidorm-deja-dos-heridos-leves-y-retenciones-en-la-n-332-radio-benidorm\/"},"_links":{"self":[{"href":"https:\/\/serbenidorm.daliisolutions.com\/index.php\/wp-json\/wp\/v2\/posts\/22547","targetHints":{"allow":["GET"]}}],"collection":[{"href":"https:\/\/serbenidorm.daliisolutions.com\/index.php\/wp-json\/wp\/v2\/posts"}],"about":[{"href":"https:\/\/serbenidorm.daliisolutions.com\/index.php\/wp-json\/wp\/v2\/types\/post"}],"replies":[{"embeddable":true,"href":"https:\/\/serbenidorm.daliisolutions.com\/index.php\/wp-json\/wp\/v2\/comments?post=22547"}],"version-history":[{"count":0,"href":"https:\/\/serbenidorm.daliisolutions.com\/index.php\/wp-json\/wp\/v2\/posts\/22547\/revisions"}],"wp:featuredmedia":[{"embeddable":true,"href":"https:\/\/serbenidorm.daliisolutions.com\/index.php\/wp-json\/wp\/v2\/media\/22548"}],"wp:attachment":[{"href":"https:\/\/serbenidorm.daliisolutions.com\/index.php\/wp-json\/wp\/v2\/media?parent=22547"}],"wp:term":[{"taxonomy":"category","embeddable":true,"href":"https:\/\/serbenidorm.daliisolutions.com\/index.php\/wp-json\/wp\/v2\/categories?post=22547"},{"taxonomy":"post_tag","embeddable":true,"href":"https:\/\/serbenidorm.daliisolutions.com\/index.php\/wp-json\/wp\/v2\/tags?post=22547"}],"curies":[{"name":"wp","href":"https:\/\/api.w.org\/{rel}","templated":true}]}}