{"id":22557,"date":"2026-02-18T11:14:59","date_gmt":"2026-02-18T10:14:59","guid":{"rendered":"https:\/\/serbenidorm.daliisolutions.com\/index.php\/2026\/02\/18\/la-nucia-impulsa-el-futuro-del-mtb-con-el-jrg-norclamp-coloma-academy\/"},"modified":"2026-02-18T11:14:59","modified_gmt":"2026-02-18T10:14:59","slug":"la-nucia-impulsa-el-futuro-del-mtb-con-el-jrg-norclamp-coloma-academy","status":"publish","type":"post","link":"https:\/\/serbenidorm.daliisolutions.com\/index.php\/2026\/02\/18\/la-nucia-impulsa-el-futuro-del-mtb-con-el-jrg-norclamp-coloma-academy\/","title":{"rendered":"La Nuc\u00eda impulsa el futuro del MTB con el JRG Norclamp Coloma Academy"},"content":{"rendered":" <p>La Nuc\u00eda refuerza su compromiso con el deporte base y el alto rendimiento colaborando con el equipo ciclista JRG Norclamp Coloma Academy, filial del BH Coloma Team y considerado una de las grandes apuestas de futuro del mountain bike nacional. El equipo, compuesto por 15 ciclistas de categor\u00edas \u00e9lite, sub 23 y junior, lucir\u00e1 en su equipaci\u00f3n el logotipo de \u201cLa Nuc\u00eda, Ciudad del Deporte\u201d y ya ha debutado esta temporada en la Shimano Super Cup Massi celebrada en la localidad.<\/p>  <p>La presentaci\u00f3n oficial cont\u00f3 con la presencia de Carlos Coloma, CEO y Team Manager del BH Coloma Team y principal impulsor del proyecto; el t\u00e9cnico Eusko Olaiz y el alcalde de La Nuc\u00eda, Bernabe Cano. Este nuevo filial nace con la misi\u00f3n de conectar las escuelas de base con el alto rendimiento, ofreciendo a j\u00f3venes promesas una v\u00eda real de crecimiento hacia el profesionalismo dentro del proyecto global Coloma Academy, en colaboraci\u00f3n con el club OTXE.<\/p>  <p>El JRG Norclamp Coloma Academy cuenta con una estructura internacional, con ciclistas procedentes de Espa\u00f1a, Argentina, M\u00e9xico y Andorra. En categor\u00eda sub 23 figuran Iraia Zapirain, Magali Albisu, Cynthia Mart\u00ednez (M\u00e9xico), Luc\u00eda Miralles (Argentina), Roger Turn\u00e9, Eneko Olveira, Peio Munduate y Unai Barrio; en \u00e9lite compiten Ainara Elbusto y Gexan Albisu; y en junior Jokin Pozo, Ander Mendiz\u00e1bal, Manex Olaiz, Martin Tamayo y Paul Mendiz\u00e1bal.<\/p>  <p>Durante el acto, Carlos Coloma destac\u00f3 que \u201ces fundamental que todo el proyecto est\u00e9 conectado, desde las escuelas hasta el equipo \u00e9lite\u201d, subrayando que este filial es clave para el futuro del equipo y el compromiso con las nuevas generaciones. Por su parte, Bernab\u00e9 Cano se\u00f1al\u00f3 que desde el Ayuntamiento se quiere \u201capoyar el futuro del MTB espa\u00f1ol\u201d, colaborando para que estos j\u00f3venes ciclistas puedan convertirse en referentes y competir en el futuro en pruebas internacionales como la Copa del Mundo.<\/p> ","protected":false},"excerpt":{"rendered":"<p>El nuevo filial del BH Coloma Team lucir\u00e1 el logotipo de \u201cLa Nuc\u00eda, Ciudad del Deporte\u201d y apuesta por j\u00f3venes talentos \u00e9lite, sub 23 y junior<\/p>\n","protected":false},"author":0,"featured_media":22558,"comment_status":"","ping_status":"open","sticky":false,"template":"","format":"standard","meta":{"_acf_changed":false,"footnotes":""},"categories":[16],"tags":[],"class_list":["post-22557","post","type-post","status-publish","format-standard","has-post-thumbnail","hentry","category-deportes"],"acf":{"ser_id":"73FSDXXE6FFNFLP5C4F2XHDVH4","ser_url":"https:\/\/cadenaser.com\/comunitat-valenciana\/2026\/02\/18\/la-nucia-impulsa-el-futuro-del-mtb-con-el-jrg-norclamp-coloma-academy-radio-benidorm\/"},"_links":{"self":[{"href":"https:\/\/serbenidorm.daliisolutions.com\/index.php\/wp-json\/wp\/v2\/posts\/22557","targetHints":{"allow":["GET"]}}],"collection":[{"href":"https:\/\/serbenidorm.daliisolutions.com\/index.php\/wp-json\/wp\/v2\/posts"}],"about":[{"href":"https:\/\/serbenidorm.daliisolutions.com\/index.php\/wp-json\/wp\/v2\/types\/post"}],"replies":[{"embeddable":true,"href":"https:\/\/serbenidorm.daliisolutions.com\/index.php\/wp-json\/wp\/v2\/comments?post=22557"}],"version-history":[{"count":0,"href":"https:\/\/serbenidorm.daliisolutions.com\/index.php\/wp-json\/wp\/v2\/posts\/22557\/revisions"}],"wp:featuredmedia":[{"embeddable":true,"href":"https:\/\/serbenidorm.daliisolutions.com\/index.php\/wp-json\/wp\/v2\/media\/22558"}],"wp:attachment":[{"href":"https:\/\/serbenidorm.daliisolutions.com\/index.php\/wp-json\/wp\/v2\/media?parent=22557"}],"wp:term":[{"taxonomy":"category","embeddable":true,"href":"https:\/\/serbenidorm.daliisolutions.com\/index.php\/wp-json\/wp\/v2\/categories?post=22557"},{"taxonomy":"post_tag","embeddable":true,"href":"https:\/\/serbenidorm.daliisolutions.com\/index.php\/wp-json\/wp\/v2\/tags?post=22557"}],"curies":[{"name":"wp","href":"https:\/\/api.w.org\/{rel}","templated":true}]}}