{"id":22561,"date":"2026-02-18T12:01:27","date_gmt":"2026-02-18T11:01:27","guid":{"rendered":"https:\/\/serbenidorm.daliisolutions.com\/index.php\/2026\/02\/18\/confrides-se-prepara-para-el-trail-invernal-aitana\/"},"modified":"2026-02-18T12:01:27","modified_gmt":"2026-02-18T11:01:27","slug":"confrides-se-prepara-para-el-trail-invernal-aitana","status":"publish","type":"post","link":"https:\/\/serbenidorm.daliisolutions.com\/index.php\/2026\/02\/18\/confrides-se-prepara-para-el-trail-invernal-aitana\/","title":{"rendered":"Confrides se prepara para el Trail Invernal Aitana"},"content":{"rendered":" <p>El municipio de Confrides acoger\u00e1 este domingo 22 de febrero una nueva edici\u00f3n del Trail Invernal Confrides-Aitana, una cita ya consolidada en el calendario provincial de carreras de monta\u00f1a y que reunir\u00e1 a corredores y amantes del senderismo en pleno coraz\u00f3n de la Sierra de Aitana.<\/p>  <p>La prueba contar\u00e1 con dos modalidades adaptadas a distintos niveles. El Trail Invernal ofrecer\u00e1 un recorrido de 20,1 kil\u00f3metros con 1.085 metros de desnivel positivo, pensado para los participantes m\u00e1s experimentados. Por su parte, el Mini Trail Invernal propondr\u00e1 14,2 kil\u00f3metros y 700 metros de desnivel positivo, una opci\u00f3n m\u00e1s asequible pero igualmente exigente desde el punto de vista t\u00e9cnico y f\u00edsico.<\/p>  <p>Ambos trazados discurrir\u00e1n por parajes de gran valor paisaj\u00edstico, combinando sendas, crestas y pistas forestales con espectaculares vistas de monta\u00f1a. Esta edici\u00f3n supera ya los 400 inscritos, una cifra que confirma el creciente inter\u00e9s por esta competici\u00f3n y su atractivo dentro del trail running provincial.<\/p>  <p>El alcalde de la localidad, Ruben Pico, ha destacado que el Trail Invernal es una oportunidad para dar a conocer el entorno natural del municipio y dinamizar la localidad a trav\u00e9s del deporte y el turismo sostenible. Con esta cita, Confrides refuerza su apuesta por el deporte de monta\u00f1a durante la temporada invernal, consolid\u00e1ndose como uno de los escenarios de referencia para el trail en la provincia.<\/p> ","protected":false},"excerpt":{"rendered":"<p>La prueba se celebrar\u00e1 el 22 de febrero con dos exigentes recorridos por la Sierra de Aitana<\/p>\n","protected":false},"author":0,"featured_media":22562,"comment_status":"","ping_status":"open","sticky":false,"template":"","format":"standard","meta":{"_acf_changed":false,"footnotes":""},"categories":[16],"tags":[],"class_list":["post-22561","post","type-post","status-publish","format-standard","has-post-thumbnail","hentry","category-deportes"],"acf":{"ser_id":"KMXHVV3Q2RDRPPJLWHHEZ5KJSU","ser_url":"https:\/\/cadenaser.com\/comunitat-valenciana\/2026\/02\/18\/confrides-se-prepara-para-el-trail-invernal-aitana-radio-benidorm\/"},"_links":{"self":[{"href":"https:\/\/serbenidorm.daliisolutions.com\/index.php\/wp-json\/wp\/v2\/posts\/22561","targetHints":{"allow":["GET"]}}],"collection":[{"href":"https:\/\/serbenidorm.daliisolutions.com\/index.php\/wp-json\/wp\/v2\/posts"}],"about":[{"href":"https:\/\/serbenidorm.daliisolutions.com\/index.php\/wp-json\/wp\/v2\/types\/post"}],"replies":[{"embeddable":true,"href":"https:\/\/serbenidorm.daliisolutions.com\/index.php\/wp-json\/wp\/v2\/comments?post=22561"}],"version-history":[{"count":0,"href":"https:\/\/serbenidorm.daliisolutions.com\/index.php\/wp-json\/wp\/v2\/posts\/22561\/revisions"}],"wp:featuredmedia":[{"embeddable":true,"href":"https:\/\/serbenidorm.daliisolutions.com\/index.php\/wp-json\/wp\/v2\/media\/22562"}],"wp:attachment":[{"href":"https:\/\/serbenidorm.daliisolutions.com\/index.php\/wp-json\/wp\/v2\/media?parent=22561"}],"wp:term":[{"taxonomy":"category","embeddable":true,"href":"https:\/\/serbenidorm.daliisolutions.com\/index.php\/wp-json\/wp\/v2\/categories?post=22561"},{"taxonomy":"post_tag","embeddable":true,"href":"https:\/\/serbenidorm.daliisolutions.com\/index.php\/wp-json\/wp\/v2\/tags?post=22561"}],"curies":[{"name":"wp","href":"https:\/\/api.w.org\/{rel}","templated":true}]}}