{"id":22566,"date":"2026-02-18T14:38:58","date_gmt":"2026-02-18T13:38:58","guid":{"rendered":"https:\/\/serbenidorm.daliisolutions.com\/index.php\/2026\/02\/18\/horticultura-para-luchar-contra-el-hambre-e-implicar-a-los-jovenes\/"},"modified":"2026-02-18T14:38:58","modified_gmt":"2026-02-18T13:38:58","slug":"horticultura-para-luchar-contra-el-hambre-e-implicar-a-los-jovenes","status":"publish","type":"post","link":"https:\/\/serbenidorm.daliisolutions.com\/index.php\/2026\/02\/18\/horticultura-para-luchar-contra-el-hambre-e-implicar-a-los-jovenes\/","title":{"rendered":"Horticultura para luchar contra el hambre e implicar a los j\u00f3venes"},"content":{"rendered":" <p>La fundaci\u00f3n \u201cAgricolae Mundi\u201d es un proyecto de un grupo de Ingenieros T\u00e9cnicos Agr\u00edcolas, de la mano de los Colegios Oficiales a los que pertenecen, nacida con dos objetivos: llevar a cabo un ejercicio real de solidaridad, y transmitir conocimiento y formaci\u00f3n, solos o en cooperaci\u00f3n con otras entidades, enfocado todo ello a gentes y territorios que precisen de apoyo y desarrollo en cualquier lugar del mundo. <\/p>  <p>Su responsable Miguel Agull\u00f3, tambi\u00e9n presidente del Colegio Oficial de Ingenieros T\u00e9cnicos Agr\u00edcolas y Graduados de Alicante (COITAPA), ha explicado en <a href=\"https:\/\/cadenaser.com\/tag\/benidorm\/a\/\" target=\"_blank\" rel=\"nofollow\" title=\"https:\/\/cadenaser.com\/tag\/benidorm\/a\/\">La Ventana de la Marina Baixa<\/a> algunos de los proyectos que en este momento tienen en marcha. M\u00e1s lejos, hasta tres operaciones en Mozambique con una plantaci\u00f3n experimental de caf\u00e9, la digitalizaci\u00f3n de los institutos agrarios o la formaci\u00f3n de sus docentes. <\/p>  <p>M\u00e1s cerca, en Villena, un huerto escolar en el IES Hermanos Amor\u00f3s dirigido a alumnos con mayores necesidades de autoestima y habilidades sociales. La iniciativa busca fomentar el trabajo en equipo, el contacto con la naturaleza y el desarrollo de competencias sociales y t\u00e9cnicas. <\/p>  <p>A trav\u00e9s de la web de Agricolae Mundi hay varias alternativas de colaboraci\u00f3n: los ingenieros colegiados pueden ser miembros de la fundaci\u00f3n por 24 euros al a\u00f1o y los que no est\u00e1n colegiados pueden ser socios por el mismo precio; los patrocinadores invierten 600 euros al a\u00f1o.<\/p> ","protected":false},"excerpt":{"rendered":"<p>Los ingenieros agr\u00edcolas de la provincia de Alicante desarrollan una serie de proyectos solidarios en Espa\u00f1a o Mozambique<\/p>\n","protected":false},"author":0,"featured_media":22567,"comment_status":"","ping_status":"open","sticky":false,"template":"","format":"standard","meta":{"_acf_changed":false,"footnotes":""},"categories":[1],"tags":[],"class_list":["post-22566","post","type-post","status-publish","format-standard","has-post-thumbnail","hentry","category-sin-categoria"],"acf":{"ser_id":"7DPIT33PKZB55FEXYONIPZC6YM","ser_url":"https:\/\/cadenaser.com\/comunitat-valenciana\/2026\/02\/18\/horticultura-para-luchar-contra-el-hambre-e-implicar-a-los-jovenes-radio-benidorm\/"},"_links":{"self":[{"href":"https:\/\/serbenidorm.daliisolutions.com\/index.php\/wp-json\/wp\/v2\/posts\/22566","targetHints":{"allow":["GET"]}}],"collection":[{"href":"https:\/\/serbenidorm.daliisolutions.com\/index.php\/wp-json\/wp\/v2\/posts"}],"about":[{"href":"https:\/\/serbenidorm.daliisolutions.com\/index.php\/wp-json\/wp\/v2\/types\/post"}],"replies":[{"embeddable":true,"href":"https:\/\/serbenidorm.daliisolutions.com\/index.php\/wp-json\/wp\/v2\/comments?post=22566"}],"version-history":[{"count":0,"href":"https:\/\/serbenidorm.daliisolutions.com\/index.php\/wp-json\/wp\/v2\/posts\/22566\/revisions"}],"wp:featuredmedia":[{"embeddable":true,"href":"https:\/\/serbenidorm.daliisolutions.com\/index.php\/wp-json\/wp\/v2\/media\/22567"}],"wp:attachment":[{"href":"https:\/\/serbenidorm.daliisolutions.com\/index.php\/wp-json\/wp\/v2\/media?parent=22566"}],"wp:term":[{"taxonomy":"category","embeddable":true,"href":"https:\/\/serbenidorm.daliisolutions.com\/index.php\/wp-json\/wp\/v2\/categories?post=22566"},{"taxonomy":"post_tag","embeddable":true,"href":"https:\/\/serbenidorm.daliisolutions.com\/index.php\/wp-json\/wp\/v2\/tags?post=22566"}],"curies":[{"name":"wp","href":"https:\/\/api.w.org\/{rel}","templated":true}]}}