{"id":22586,"date":"2026-02-18T19:38:34","date_gmt":"2026-02-18T18:38:34","guid":{"rendered":"https:\/\/serbenidorm.daliisolutions.com\/index.php\/2026\/02\/18\/muere-un-motorista-de-71-anos-en-un-accidente-de-trafico-en-bolulla\/"},"modified":"2026-02-18T19:38:34","modified_gmt":"2026-02-18T18:38:34","slug":"muere-un-motorista-de-71-anos-en-un-accidente-de-trafico-en-bolulla","status":"publish","type":"post","link":"https:\/\/serbenidorm.daliisolutions.com\/index.php\/2026\/02\/18\/muere-un-motorista-de-71-anos-en-un-accidente-de-trafico-en-bolulla\/","title":{"rendered":"Muere un motorista de 71 a\u00f1os en un accidente de tr\u00e1fico en Bolulla"},"content":{"rendered":" <p>El Centro de Informaci\u00f3n y Coordinaci\u00f3n de Urgencias (CICU) ha recibido a las 12.00 horas de este mi\u00e9rcoles el aviso de un accidente de moto registrado en la CV-715, en el t\u00e9rmino municipal de Bolulla. El siniestro ha activado un amplio dispositivo sanitario.<\/p>  <p>Hasta el lugar se han desplazado una unidad del SAMU, un helic\u00f3ptero medicalizado y una unidad de Soporte Vital B\u00e1sico (SVB). Los equipos sanitarios han intervenido de inmediato para asistir al conductor.<\/p>  <p><a href=\"https:\/\/cadenaser.com\/tag\/benidorm\/a\/\" target=\"_blank\" rel=\"nofollow\" title=\"https:\/\/cadenaser.com\/tag\/benidorm\/a\/\">El motorista, un hombre de 71 a\u00f1os, ha sido atendido en el lugar del accidente<\/a>. Los facultativos han iniciado maniobras de reanimaci\u00f3n cardiopulmonar avanzada y han aplicado otras t\u00e9cnicas de estabilizaci\u00f3n.<\/p>  <p>Pese a los esfuerzos realizados durante varios minutos, el herido no ha respondido a las maniobras. Finalmente, el equipo m\u00e9dico ha confirmado su fallecimiento en el mismo punto del siniestro.<\/p> ","protected":false},"excerpt":{"rendered":"<p>En la CV-715<\/p>\n","protected":false},"author":0,"featured_media":22587,"comment_status":"","ping_status":"open","sticky":false,"template":"","format":"standard","meta":{"_acf_changed":false,"footnotes":""},"categories":[1],"tags":[],"class_list":["post-22586","post","type-post","status-publish","format-standard","has-post-thumbnail","hentry","category-sin-categoria"],"acf":{"ser_id":"ASPWRGYC3FHK3AO4T4U5XRQPP4","ser_url":"https:\/\/cadenaser.com\/comunitat-valenciana\/2026\/02\/18\/muere-un-motorista-de-71-anos-en-un-accidente-de-trafico-en-bolulla-radio-benidorm\/"},"_links":{"self":[{"href":"https:\/\/serbenidorm.daliisolutions.com\/index.php\/wp-json\/wp\/v2\/posts\/22586","targetHints":{"allow":["GET"]}}],"collection":[{"href":"https:\/\/serbenidorm.daliisolutions.com\/index.php\/wp-json\/wp\/v2\/posts"}],"about":[{"href":"https:\/\/serbenidorm.daliisolutions.com\/index.php\/wp-json\/wp\/v2\/types\/post"}],"replies":[{"embeddable":true,"href":"https:\/\/serbenidorm.daliisolutions.com\/index.php\/wp-json\/wp\/v2\/comments?post=22586"}],"version-history":[{"count":0,"href":"https:\/\/serbenidorm.daliisolutions.com\/index.php\/wp-json\/wp\/v2\/posts\/22586\/revisions"}],"wp:featuredmedia":[{"embeddable":true,"href":"https:\/\/serbenidorm.daliisolutions.com\/index.php\/wp-json\/wp\/v2\/media\/22587"}],"wp:attachment":[{"href":"https:\/\/serbenidorm.daliisolutions.com\/index.php\/wp-json\/wp\/v2\/media?parent=22586"}],"wp:term":[{"taxonomy":"category","embeddable":true,"href":"https:\/\/serbenidorm.daliisolutions.com\/index.php\/wp-json\/wp\/v2\/categories?post=22586"},{"taxonomy":"post_tag","embeddable":true,"href":"https:\/\/serbenidorm.daliisolutions.com\/index.php\/wp-json\/wp\/v2\/tags?post=22586"}],"curies":[{"name":"wp","href":"https:\/\/api.w.org\/{rel}","templated":true}]}}