{"id":22597,"date":"2026-02-19T14:01:38","date_gmt":"2026-02-19T13:01:38","guid":{"rendered":"https:\/\/serbenidorm.daliisolutions.com\/index.php\/2026\/02\/19\/benidorm-y-la-marina-baixa-estrenan-nueva-concesion-de-autobuses-con-mas-frecuencias-y-50-vehiculos-en-servicio\/"},"modified":"2026-02-19T14:01:38","modified_gmt":"2026-02-19T13:01:38","slug":"benidorm-y-la-marina-baixa-estrenan-nueva-concesion-de-autobuses-con-mas-frecuencias-y-50-vehiculos-en-servicio","status":"publish","type":"post","link":"https:\/\/serbenidorm.daliisolutions.com\/index.php\/2026\/02\/19\/benidorm-y-la-marina-baixa-estrenan-nueva-concesion-de-autobuses-con-mas-frecuencias-y-50-vehiculos-en-servicio\/","title":{"rendered":"Benidorm y la Marina Baixa estrenan nueva concesi\u00f3n de autobuses con m\u00e1s frecuencias y 50 veh\u00edculos en servicio"},"content":{"rendered":" <p>La Generalitat Valenciana ha puesto en marcha el nuevo servicio p\u00fablico de transporte por carretera CE-711 que conecta los municipios de la Marina Baixa. El contrato ha supuesto una renovaci\u00f3n integral del sistema y ha mejorado frecuencias y ratios para dar cobertura a hasta 202.817 habitantes de la comarca.<\/p>  <p>El nuevo mapa de rutas ha mejorado de forma notable la <a href=\"https:\/\/cadenaser.com\/tag\/benidorm\/a\/\" target=\"_blank\" rel=\"nofollow\" title=\"https:\/\/cadenaser.com\/tag\/benidorm\/a\/\">conectividad de Callosa d\u2019en Sarri\u00e0, La Nuc\u00eda y Polop con la costa, especialmente con L\u2019Albir, Altea y el Hospital de la Marina Baixa<\/a>. <\/p>  <p>Se ha incrementado una expedici\u00f3n directa al centro hospitalario y se ha eliminado el paso por Benidorm en algunos trayectos, lo que ha reducido tiempos de viaje. Adem\u00e1s, el enlace con el centro de Benidorm ha alcanzado las 31 expediciones y se ha ampliado la conexi\u00f3n entre n\u00facleos urbanos mediante la prolongaci\u00f3n de l\u00edneas.<\/p>  <p>La presentaci\u00f3n, celebrada en Callosa, ha contado con la presencia del vicepresidente tercero y conseller de Medio Ambiente, Infraestructuras, Territorio y Recuperaci\u00f3n, Vicente Mart\u00ednez Mus, acompa\u00f1ado por responsables auton\u00f3micos y representantes locales de los distintos municipios beneficiados. <\/p>  <p>Durante su intervenci\u00f3n, Mart\u00ednez Mus ha subrayado que el nuevo corredor quiere dar respuesta a la movilidad diaria de trabajadores y estudiantes y ha reforzado tambi\u00e9n los desplazamientos por motivos sanitarios, comerciales y tur\u00edsticos. La concesi\u00f3n ha fijado una inversi\u00f3n anual de 3.186.000 euros, contar\u00e1 con una flota m\u00ednima de 50 veh\u00edculos y realizar\u00e1 cerca de 3,1 millones de kil\u00f3metros al a\u00f1o junto a m\u00e1s de 219.000 expediciones.<\/p> ","protected":false},"excerpt":{"rendered":"<p>La Generalitat Valenciana corrige conexiones, expediciones y cobertura para m\u00e1s de 200.000 residentes<\/p>\n","protected":false},"author":0,"featured_media":22598,"comment_status":"","ping_status":"open","sticky":false,"template":"","format":"standard","meta":{"_acf_changed":false,"footnotes":""},"categories":[1],"tags":[],"class_list":["post-22597","post","type-post","status-publish","format-standard","has-post-thumbnail","hentry","category-sin-categoria"],"acf":{"ser_id":"E5EXXCUCMVASLJ6GMNWUKJN7F4","ser_url":"https:\/\/cadenaser.com\/comunitat-valenciana\/2026\/02\/19\/benidorm-y-la-marina-baixa-estrenan-nueva-concesion-de-autobuses-con-mas-frecuencias-y-50-vehiculos-en-servicio-radio-benidorm\/"},"_links":{"self":[{"href":"https:\/\/serbenidorm.daliisolutions.com\/index.php\/wp-json\/wp\/v2\/posts\/22597","targetHints":{"allow":["GET"]}}],"collection":[{"href":"https:\/\/serbenidorm.daliisolutions.com\/index.php\/wp-json\/wp\/v2\/posts"}],"about":[{"href":"https:\/\/serbenidorm.daliisolutions.com\/index.php\/wp-json\/wp\/v2\/types\/post"}],"replies":[{"embeddable":true,"href":"https:\/\/serbenidorm.daliisolutions.com\/index.php\/wp-json\/wp\/v2\/comments?post=22597"}],"version-history":[{"count":0,"href":"https:\/\/serbenidorm.daliisolutions.com\/index.php\/wp-json\/wp\/v2\/posts\/22597\/revisions"}],"wp:featuredmedia":[{"embeddable":true,"href":"https:\/\/serbenidorm.daliisolutions.com\/index.php\/wp-json\/wp\/v2\/media\/22598"}],"wp:attachment":[{"href":"https:\/\/serbenidorm.daliisolutions.com\/index.php\/wp-json\/wp\/v2\/media?parent=22597"}],"wp:term":[{"taxonomy":"category","embeddable":true,"href":"https:\/\/serbenidorm.daliisolutions.com\/index.php\/wp-json\/wp\/v2\/categories?post=22597"},{"taxonomy":"post_tag","embeddable":true,"href":"https:\/\/serbenidorm.daliisolutions.com\/index.php\/wp-json\/wp\/v2\/tags?post=22597"}],"curies":[{"name":"wp","href":"https:\/\/api.w.org\/{rel}","templated":true}]}}