{"id":22617,"date":"2026-02-19T20:11:06","date_gmt":"2026-02-19T19:11:06","guid":{"rendered":"https:\/\/serbenidorm.daliisolutions.com\/index.php\/2026\/02\/19\/benidorm-memeshit-desvela-su-identidad-y-lanza-un-nuevo-podcast-de-humor-local\/"},"modified":"2026-02-19T20:11:06","modified_gmt":"2026-02-19T19:11:06","slug":"benidorm-memeshit-desvela-su-identidad-y-lanza-un-nuevo-podcast-de-humor-local","status":"publish","type":"post","link":"https:\/\/serbenidorm.daliisolutions.com\/index.php\/2026\/02\/19\/benidorm-memeshit-desvela-su-identidad-y-lanza-un-nuevo-podcast-de-humor-local\/","title":{"rendered":"Benidorm Memeshit desvela su identidad y lanza un nuevo podcast de humor local"},"content":{"rendered":" <p>La cuenta de Instagram Benidorm Memeshit ha desvelado qui\u00e9nes han estado detr\u00e1s del perfil que ha revolucionado el humor pol\u00edtico y social en la ciudad durante los \u00faltimos seis a\u00f1os. El proyecto naci\u00f3 en plena pandemia y ya ha ha superado los 23.000 seguidores convirtiendo su perfil en un <a href=\"https:\/\/cadenaser.com\/tag\/benidorm\/a\/\" target=\"_blank\" rel=\"nofollow\" title=\"https:\/\/cadenaser.com\/tag\/benidorm\/a\/\">altavoz sat\u00edrico sobre la actualidad local<\/a>.<\/p>  <p>Durante este tiempo, la iniciativa de Joserra ha funcionado desde el anonimato, aunque en los \u00faltimos meses ha comenzado a mostrar caras visibles. Laura ha sido la primera en aparecer en v\u00eddeos a pie de calle, acompa\u00f1ada por Adriana en tareas de grabaci\u00f3n y edici\u00f3n. Junto a Javi, amigo del impulsor original, han consolidado un equipo que ha profesionalizado el contenido sin perder el tono irreverente que les ha caracterizado.<\/p>  <p>La cuenta ha centrado buena parte de sus publicaciones en la cr\u00edtica pol\u00edtica y social de Benidorm, un terreno poco explorado hasta ahora. Sus responsables han reconocido que han practicado la autocensura en algunas ocasiones y que han retirado v\u00eddeos cuando han considerado que pod\u00edan perjudicar a particulares. Aseguran que la intenci\u00f3n ha sido evidenciar situaciones cotidianas sin caer en el ataque personal.<\/p>  <blockquote class=\"instagram-media\" data-instgrm-captioned data-instgrm-permalink=\"https:\/\/www.instagram.com\/reel\/DU3rnUOjG8y\/?utm_source=ig_embed&amp;utm_campaign=loading\" data-instgrm-version=\"14\" style=\"background:#FFF;border:0;border-radius:3px;margin: 1px;max-width:658px;min-width:326px;padding:0;width:99.375%;width:-webkit-calc(100% - 2px);width:calc(100% - 2px)\"><div style=\"padding:16px\"> <a href=\"https:\/\/www.instagram.com\/reel\/DU3rnUOjG8y\/?utm_source=ig_embed&amp;utm_campaign=loading\" style=\"background:#FFFFFF;line-height:0;padding:0 0;text-align:center;text-decoration:none;width:100%\" target=\"_blank\"> <div style=\"flex-direction: row;align-items: center\"> <div style=\"background-color: #F4F4F4;border-radius: 50%;flex-grow: 0;height: 40px;margin-right: 14px;width: 40px\"><\/div> <div style=\"flex-direction: column;flex-grow: 1;justify-content: center\"> <div style=\"background-color: #F4F4F4;border-radius: 4px;flex-grow: 0;height: 14px;margin-bottom: 6px;width: 100px\"><\/div> <div style=\"background-color: #F4F4F4;border-radius: 4px;flex-grow: 0;height: 14px;width: 60px\"><\/div><\/div><\/div><div style=\"padding: 19% 0\"><\/div> <div style=\"height:50px;margin:0 auto 12px;width:50px\"><\/div><div style=\"padding-top: 8px\"> <div style=\"color:#3897f0;font-family:Arial,sans-serif;font-size:14px;font-style:normal;font-weight:550;line-height:18px\">View this post on Instagram<\/div><\/div><div style=\"padding: 12.5% 0\"><\/div> <div style=\"flex-direction: row;margin-bottom: 14px;align-items: center\"><div> <div style=\"background-color: #F4F4F4;border-radius: 50%;height: 12.5px;width: 12.5px\"><\/div> <div style=\"background-color: #F4F4F4;height: 12.5px;width: 12.5px;flex-grow: 0;margin-right: 14px;margin-left: 2px\"><\/div> <div style=\"background-color: #F4F4F4;border-radius: 50%;height: 12.5px;width: 12.5px\"><\/div><\/div><div style=\"margin-left: 8px\"> <div style=\"background-color: #F4F4F4;border-radius: 50%;flex-grow: 0;height: 20px;width: 20px\"><\/div> <div style=\"width: 0;height: 0;border-top: 2px solid transparent;border-left: 6px solid #f4f4f4;border-bottom: 2px solid transparent\"><\/div><\/div><div style=\"margin-left: auto\"> <div style=\"width: 0px;border-top: 8px solid #F4F4F4;border-right: 8px solid transparent\"><\/div> <div style=\"background-color: #F4F4F4;flex-grow: 0;height: 12px;width: 16px\"><\/div> <div style=\"width: 0;height: 0;border-top: 8px solid #F4F4F4;border-left: 8px solid transparent\"><\/div><\/div><\/div> <div style=\"flex-direction: column;flex-grow: 1;justify-content: center;margin-bottom: 24px\"> <div style=\"background-color: #F4F4F4;border-radius: 4px;flex-grow: 0;height: 14px;margin-bottom: 6px;width: 224px\"><\/div> <div style=\"background-color: #F4F4F4;border-radius: 4px;flex-grow: 0;height: 14px;width: 144px\"><\/div><\/div><\/a><\/div><\/blockquote>\n&lt;\/script&gt;  <p>El crecimiento del proyecto se ha notado especialmente cuando el c\u00edrculo cercano del creador ha conocido su autor\u00eda y el fen\u00f3meno ha empezado a comentarse en la calle. La viralidad ha aumentado con el paso de los a\u00f1os y la curiosidad por conocer la identidad del responsable ha alimentado el seguimiento. <\/p>  <p>Benidorm Memeshit empieza ahora una nueva etapa con el lanzamiento de su podcast en YouTube y Spotify, grabado en formato distendido y con p\u00fablico cercano. La previsi\u00f3n ser\u00e1 publicar dos cap\u00edtulos al mes, aunque el calendario se adaptar\u00e1 a la disponibilidad del grupo. <\/p> ","protected":false},"excerpt":{"rendered":"<p>Una cuenta de Instagram nacida en pandemia suma m\u00e1s de 23.000 seguidores y ampl\u00eda formato con entrevistas y contenido audiovisual<\/p>\n","protected":false},"author":0,"featured_media":22618,"comment_status":"","ping_status":"open","sticky":false,"template":"","format":"standard","meta":{"_acf_changed":false,"footnotes":""},"categories":[1],"tags":[],"class_list":["post-22617","post","type-post","status-publish","format-standard","has-post-thumbnail","hentry","category-sin-categoria"],"acf":{"ser_id":"EJAOOEX7BRGK3NE2PNT2PNXKZE","ser_url":"https:\/\/cadenaser.com\/comunitat-valenciana\/2026\/02\/19\/benidorm-memeshit-desvela-su-identidad-y-lanza-nuevo-podcast-de-humor-local-radio-benidorm\/"},"_links":{"self":[{"href":"https:\/\/serbenidorm.daliisolutions.com\/index.php\/wp-json\/wp\/v2\/posts\/22617","targetHints":{"allow":["GET"]}}],"collection":[{"href":"https:\/\/serbenidorm.daliisolutions.com\/index.php\/wp-json\/wp\/v2\/posts"}],"about":[{"href":"https:\/\/serbenidorm.daliisolutions.com\/index.php\/wp-json\/wp\/v2\/types\/post"}],"replies":[{"embeddable":true,"href":"https:\/\/serbenidorm.daliisolutions.com\/index.php\/wp-json\/wp\/v2\/comments?post=22617"}],"version-history":[{"count":0,"href":"https:\/\/serbenidorm.daliisolutions.com\/index.php\/wp-json\/wp\/v2\/posts\/22617\/revisions"}],"wp:featuredmedia":[{"embeddable":true,"href":"https:\/\/serbenidorm.daliisolutions.com\/index.php\/wp-json\/wp\/v2\/media\/22618"}],"wp:attachment":[{"href":"https:\/\/serbenidorm.daliisolutions.com\/index.php\/wp-json\/wp\/v2\/media?parent=22617"}],"wp:term":[{"taxonomy":"category","embeddable":true,"href":"https:\/\/serbenidorm.daliisolutions.com\/index.php\/wp-json\/wp\/v2\/categories?post=22617"},{"taxonomy":"post_tag","embeddable":true,"href":"https:\/\/serbenidorm.daliisolutions.com\/index.php\/wp-json\/wp\/v2\/tags?post=22617"}],"curies":[{"name":"wp","href":"https:\/\/api.w.org\/{rel}","templated":true}]}}