{"id":22632,"date":"2026-02-20T13:15:53","date_gmt":"2026-02-20T12:15:53","guid":{"rendered":"https:\/\/serbenidorm.daliisolutions.com\/index.php\/2026\/02\/20\/benidorm-celebra-el-carnaval-horario-y-recorrido-de-los-desfiles\/"},"modified":"2026-02-20T13:15:53","modified_gmt":"2026-02-20T12:15:53","slug":"benidorm-celebra-el-carnaval-horario-y-recorrido-de-los-desfiles","status":"publish","type":"post","link":"https:\/\/serbenidorm.daliisolutions.com\/index.php\/2026\/02\/20\/benidorm-celebra-el-carnaval-horario-y-recorrido-de-los-desfiles\/","title":{"rendered":"Benidorm celebra el Carnaval: horario y recorrido de los desfiles"},"content":{"rendered":" <p>Benidorm se prepara para vivir este s\u00e1bado una de las jornadas m\u00e1s festivas del a\u00f1o con la celebraci\u00f3n del Carnaval 2026. La programaci\u00f3n contar\u00e1 con dos desfiles abiertos a la participaci\u00f3n de toda la ciudadan\u00eda: <a href=\"https:\/\/cadenaser.com\/tag\/benidorm\/a\/\" target=\"_blank\" rel=\"nofollow\" title=\"https:\/\/cadenaser.com\/tag\/benidorm\/a\/\">el tradicional Carnaval Infantil por la ma\u00f1ana y el Carnaval Adulto por la noche<\/a>.<\/p>  <p>El desfile infantil dar\u00e1 comienzo a las 10:30 horas, con concentraci\u00f3n previa a las 10:00 horas en la calle Escuelas. El recorrido transcurrir\u00e1 por calle Escuelas, avenida de Ruzafa, calle Herrer\u00edas y finalizar\u00e1 en la Plaza de SS.MM. los Reyes de Espa\u00f1a. Al t\u00e9rmino del desfile, los ni\u00f1os participantes podr\u00e1n disfrutar de un almuerzo y de animaci\u00f3n infantil, que incluir\u00e1 un espect\u00e1culo de teatro de la Patrulla Canina.<\/p>  <p>Por la noche ser\u00e1 el turno del desfile adulto, cuya concentraci\u00f3n para la entrega de dorsales tendr\u00e1 lugar a las 20:00 horas en el cruce de la calle del Pino con Tom\u00e1s Ortu\u00f1o. El desfile comenzar\u00e1 a las 21:00 horas y seguir\u00e1 el itinerario habitual: calle Venus, avenida de Ruzafa, calle Herrer\u00edas y Plaza de SS.MM. los Reyes de Espa\u00f1a. Tras la finalizaci\u00f3n del desfile adulto, la carpa del Carnaval instalada en las inmediaciones del Ayuntamiento acoger\u00e1 la fiesta de Carnaval con animaci\u00f3n musical a cargo de un DJ.<\/p>  <p>En este mismo espacio se dar\u00e1n a conocer los ganadores del concurso y se realizar\u00e1 la entrega de premios en un ambiente festivo abierto a todos los asistentes. El concurso contempla diferentes modalidades tanto en categor\u00eda individual como de grupo, premiando la originalidad, la elaboraci\u00f3n de los disfraces y la animaci\u00f3n durante el desfile. Desde la organizaci\u00f3n se recuerda que el evento est\u00e1 abierto a toda la ciudadan\u00eda y no \u00fanicamente a pe\u00f1istas, con el objetivo de fomentar la participaci\u00f3n y el ambiente festivo en las calles de Benidorm.<\/p>  <p>Como cierre de la programaci\u00f3n del Carnaval, el martes 24 de febrero se celebrar\u00e1 el tradicional Entierro de la Sardina. La concentraci\u00f3n tendr\u00e1 lugar a las 21:00 horas en la calle La Biga, desde donde partir\u00e1 la comitiva f\u00fanebre para recorrer las calles del centro de la ciudad con el siguiente itinerario: calle La Biga, calle Tom\u00e1s Ortu\u00f1o, calle Escuelas (primera parada), calle Ruzafa, calle Rioja (segunda parada), calle Ruzafa, Paseo de la Carretera (tercera parada a la altura de la Farmacia Luz), para finalizar en el Paseo Col\u00f3n, donde se proceder\u00e1 a la quema de la sardina y al disparo de un castillo de fuegos artificiales.<\/p> ","protected":false},"excerpt":{"rendered":"<p>La plaza del Ayuntamiento ser\u00e1 este s\u00e1bado el epicentro de la fiesta<\/p>\n","protected":false},"author":0,"featured_media":22633,"comment_status":"","ping_status":"open","sticky":false,"template":"","format":"standard","meta":{"_acf_changed":false,"footnotes":""},"categories":[1],"tags":[],"class_list":["post-22632","post","type-post","status-publish","format-standard","has-post-thumbnail","hentry","category-sin-categoria"],"acf":{"ser_id":"LF6KA6AUY5BVJN7XBFITOASMEM","ser_url":"https:\/\/cadenaser.com\/comunitat-valenciana\/2026\/02\/20\/benidorm-celebra-el-carnaval-horario-y-recorrido-de-los-desfiles-radio-benidorm\/"},"_links":{"self":[{"href":"https:\/\/serbenidorm.daliisolutions.com\/index.php\/wp-json\/wp\/v2\/posts\/22632","targetHints":{"allow":["GET"]}}],"collection":[{"href":"https:\/\/serbenidorm.daliisolutions.com\/index.php\/wp-json\/wp\/v2\/posts"}],"about":[{"href":"https:\/\/serbenidorm.daliisolutions.com\/index.php\/wp-json\/wp\/v2\/types\/post"}],"replies":[{"embeddable":true,"href":"https:\/\/serbenidorm.daliisolutions.com\/index.php\/wp-json\/wp\/v2\/comments?post=22632"}],"version-history":[{"count":0,"href":"https:\/\/serbenidorm.daliisolutions.com\/index.php\/wp-json\/wp\/v2\/posts\/22632\/revisions"}],"wp:featuredmedia":[{"embeddable":true,"href":"https:\/\/serbenidorm.daliisolutions.com\/index.php\/wp-json\/wp\/v2\/media\/22633"}],"wp:attachment":[{"href":"https:\/\/serbenidorm.daliisolutions.com\/index.php\/wp-json\/wp\/v2\/media?parent=22632"}],"wp:term":[{"taxonomy":"category","embeddable":true,"href":"https:\/\/serbenidorm.daliisolutions.com\/index.php\/wp-json\/wp\/v2\/categories?post=22632"},{"taxonomy":"post_tag","embeddable":true,"href":"https:\/\/serbenidorm.daliisolutions.com\/index.php\/wp-json\/wp\/v2\/tags?post=22632"}],"curies":[{"name":"wp","href":"https:\/\/api.w.org\/{rel}","templated":true}]}}