{"id":22637,"date":"2026-02-20T15:56:46","date_gmt":"2026-02-20T14:56:46","guid":{"rendered":"https:\/\/serbenidorm.daliisolutions.com\/index.php\/2026\/02\/20\/el-cadaver-de-un-paciente-de-una-clinica-de-benidorm-aparece-en-una-zona-de-obras-cuatro-dias-despues-de-morir\/"},"modified":"2026-02-20T15:56:46","modified_gmt":"2026-02-20T14:56:46","slug":"el-cadaver-de-un-paciente-de-una-clinica-de-benidorm-aparece-en-una-zona-de-obras-cuatro-dias-despues-de-morir","status":"publish","type":"post","link":"https:\/\/serbenidorm.daliisolutions.com\/index.php\/2026\/02\/20\/el-cadaver-de-un-paciente-de-una-clinica-de-benidorm-aparece-en-una-zona-de-obras-cuatro-dias-despues-de-morir\/","title":{"rendered":"El c\u00e1daver de un paciente de una cl\u00ednica de Benidorm aparece en una zona de obras cuatro d\u00edas despu\u00e9s de morir"},"content":{"rendered":" <p>Un hombre de 55 a\u00f1os y paciente de una cl\u00ednica privada de Benidorm (Alicante) ha sido hallado muerto en una zona de obras de este centro despu\u00e9s de, al parecer, quedarse atrapado all\u00ed y haber muerto por asfixia.<\/p>  <p>Los investigadores barajan que el var\u00f3n, de nacionalidad brit\u00e1nica, sali\u00f3 de la habitaci\u00f3n en la que estaba ingresado con la intenci\u00f3n de marcharse del centro, pero finalmente se adentr\u00f3 en esa zona, seg\u00fan han confirmado a Europa Press fuentes policiales y ha avanzado el diario &#8216;Informaci\u00f3n&#8217;.<\/p>  <p>Los hechos ocurrieron el pasado 7 de febrero, si bien el cad\u00e1ver del hombre no fue encontrado hasta el d\u00eda 11, es decir, cerca de cuatro d\u00edas despu\u00e9s. Aunque en un primer momento se crey\u00f3 que el paciente se hab\u00eda marchado de la cl\u00ednica, agentes de la Polic\u00eda Nacional de Benidorm realizaron varias averiguaciones, que incluyeron la revisi\u00f3n de c\u00e1maras, hasta que finalmente fue encontrado en esa zona de obras por la que habr\u00eda deambulado.<\/p>  <p>Las mismas fuentes han precisado que la postura que presentaba el cuerpo del fallecido en el momento de su hallazgo hacen pensar en la posibilidad de la muerte por asfixia.<\/p>  <p><i>Sigue toda la \u00faltima hora en el canal de Whatsapp de Radio Valencia:<\/i><a href=\"https:\/\/eur01.safelinks.protection.outlook.com\/?url=https%3A%2F%2Fwhatsapp.com%2Fchannel%2F0029VaHjyqSFHWq2Q3iHB33R&amp;data=05%7C02%7Cjfores%40prisaradio.com%7C9cf93b8bc68040c162ea08dca66399b3%7Cc4fd49f3e15a44d882e2c909735d2e45%7C0%7C0%7C638568193933277239%7CUnknown%7CTWFpbGZsb3d8eyJWIjoiMC4wLjAwMDAiLCJQIjoiV2luMzIiLCJBTiI6Ik1haWwiLCJXVCI6Mn0%3D%7C0%7C%7C%7C&amp;sdata=wXicRJgfTg5wCWBTdUk%2FIrtJAULqiLUxrhnLmtwSKf0%3D&amp;reserved=0\" target=\"_blank\" rel=\"nofollow\" title=\"Direcci\u00f3n URL original: https:\/\/whatsapp.com\/channel\/0029VaHjyqSFHWq2Q3iHB33R. Haga clic o pulse si conf\u00eda en este v\u00ednculo.\"><i>haz clic aqu\u00ed y suscr\u00edbete<\/i><\/a><i> para recibir toda la informaci\u00f3n y la actualidad del d\u00eda en tu m\u00f3vil.<\/i><\/p> ","protected":false},"excerpt":{"rendered":"<p>Los investigadores barajan que el var\u00f3n sali\u00f3 de la habitaci\u00f3n con la intenci\u00f3n de marcharse del centro<\/p>\n","protected":false},"author":0,"featured_media":22638,"comment_status":"","ping_status":"open","sticky":false,"template":"","format":"standard","meta":{"_acf_changed":false,"footnotes":""},"categories":[1],"tags":[],"class_list":["post-22637","post","type-post","status-publish","format-standard","has-post-thumbnail","hentry","category-sin-categoria"],"acf":{"ser_id":"V3SYFEOX6ZGJJLVHFGBZKOAE5Q","ser_url":"https:\/\/cadenaser.com\/comunitat-valenciana\/2026\/02\/20\/el-cadaver-de-un-paciente-de-una-clinica-de-benidorm-aparece-cuatro-dias-despues-de-morir-en-una-zona-de-obras-radio-valencia\/"},"_links":{"self":[{"href":"https:\/\/serbenidorm.daliisolutions.com\/index.php\/wp-json\/wp\/v2\/posts\/22637","targetHints":{"allow":["GET"]}}],"collection":[{"href":"https:\/\/serbenidorm.daliisolutions.com\/index.php\/wp-json\/wp\/v2\/posts"}],"about":[{"href":"https:\/\/serbenidorm.daliisolutions.com\/index.php\/wp-json\/wp\/v2\/types\/post"}],"replies":[{"embeddable":true,"href":"https:\/\/serbenidorm.daliisolutions.com\/index.php\/wp-json\/wp\/v2\/comments?post=22637"}],"version-history":[{"count":0,"href":"https:\/\/serbenidorm.daliisolutions.com\/index.php\/wp-json\/wp\/v2\/posts\/22637\/revisions"}],"wp:featuredmedia":[{"embeddable":true,"href":"https:\/\/serbenidorm.daliisolutions.com\/index.php\/wp-json\/wp\/v2\/media\/22638"}],"wp:attachment":[{"href":"https:\/\/serbenidorm.daliisolutions.com\/index.php\/wp-json\/wp\/v2\/media?parent=22637"}],"wp:term":[{"taxonomy":"category","embeddable":true,"href":"https:\/\/serbenidorm.daliisolutions.com\/index.php\/wp-json\/wp\/v2\/categories?post=22637"},{"taxonomy":"post_tag","embeddable":true,"href":"https:\/\/serbenidorm.daliisolutions.com\/index.php\/wp-json\/wp\/v2\/tags?post=22637"}],"curies":[{"name":"wp","href":"https:\/\/api.w.org\/{rel}","templated":true}]}}