{"id":2268,"date":"2024-02-12T13:14:56","date_gmt":"2024-02-12T12:14:56","guid":{"rendered":"https:\/\/serbenidorm.daliisolutions.com\/index.php\/2024\/02\/12\/la-guardia-civil-y-la-policia-local-de-la-vila-joiosa-detienen-a-un-presunto-piromano\/"},"modified":"2024-02-12T13:14:56","modified_gmt":"2024-02-12T12:14:56","slug":"la-guardia-civil-y-la-policia-local-de-la-vila-joiosa-detienen-a-un-presunto-piromano","status":"publish","type":"post","link":"https:\/\/serbenidorm.daliisolutions.com\/index.php\/2024\/02\/12\/la-guardia-civil-y-la-policia-local-de-la-vila-joiosa-detienen-a-un-presunto-piromano\/","title":{"rendered":"La Guardia Civil y la Polic\u00eda Local de La Vila Joiosa detienen a un presunto pir\u00f3mano"},"content":{"rendered":"  <p>La Vila Joiosa<\/p>   <p>13 de enero de 2024. <a href=\"https:\/\/cadenaser.com\/tag\/vila_joiosa\/a\/\" target=\"_blank\" rel=\"noopener\">Cuatro incendios en diferentes puntos de La Vila Joiosa y una sospecha clara, su intencionalidad<\/a>. Entre las 21:45 y las 22:30 horas, tuvieron que intervenir en varias ocasiones los servicios de emergencias y Bomberos de la Diputaci\u00f3n para sofocar las llamas y uno de los fuegos se produjo en las instalaciones de una terraza de un bar de la localidad, afectando a las viviendas contiguas.<\/p>   <p>De esta manera, los agentes del \u00c1rea de Investigaci\u00f3n de la Guardia Civil y la Polic\u00eda Local iniciaron la operaci\u00f3n \u201confires\u201d<i> <\/i>para el esclarecimiento de los hechos.<\/p>   <p>En una primera fase, los investigadores realizaron diferentes diligencias para la obtenci\u00f3n de datos que pudieran llevar a averiguar la identidad del autor, localizando y estudiando las im\u00e1genes captadas por las c\u00e1maras de seguridad instaladas en la v\u00eda p\u00fablica y diferentes establecimientos.<\/p>  <p><p>M\u00e1s informaci\u00f3n<\/p><figure><img decoding=\"async\" src=\"https:\/\/cadenaser.com\/resizer\/OXc684tyrM3A5IZg2GHY2kzuo5g=\/650x366\/filters:quality(70)\/cloudfront-eu-central-1.images.arcpublishing.com\/prisaradio\/AX3FCL2NUJGDJL5KQ4P3QWNSTI.jpeg\" loading=\"lazy\" width=\"828\" height=\"621\" \/><\/figure><ul><li><a href=\"https:\/\/cadenaser.com\/comunitat-valenciana\/2024\/02\/08\/los-pescadores-de-la-vila-joiosa-estudian-movilizaciones-junto-al-resto-del-sector-para-protestar-por-su-situacion-radio-benidorm\/\">Los pescadores de La Vila Joiosa estudian movilizaciones con el resto del sector para protestar por su situaci\u00f3n<\/a><\/li><\/ul><\/p>   <p>As\u00ed se produce la detenci\u00f3n de un hombre de 38 a\u00f1os como presunto autor de once delitos de da\u00f1os provocados por fuego y otro por incendio con riego para la vida de las personas.<\/p>   <p>Aceleradores de combusti\u00f3n en su casa<\/p>   <p>Adem\u00e1s, se realiz\u00f3 el registro de la vivienda del detenido, en la que se localizaron gran cantidad de evidencias incriminatorias, destacando entre ellas una serie de aceleradores de la combusti\u00f3n que se encontraban escondidos. Los investigadores tambi\u00e9n pudieron averiguar que el detenido estaba relacionado con los incendios provocados en veh\u00edculos a comienzos del mes de abril de 2023.<\/p>   <p>El Juzgado de Instrucci\u00f3n n\u00ba2 de La Vila ha decretado su ingreso en prisi\u00f3n sin fianza.<\/p> ","protected":false},"excerpt":{"rendered":"<p>Por una sucesi\u00f3n de fuegos en las calles de la localidad en menos de una hora <\/p>\n","protected":false},"author":0,"featured_media":2269,"comment_status":"open","ping_status":"open","sticky":false,"template":"","format":"standard","meta":{"_acf_changed":false,"footnotes":""},"categories":[1],"tags":[],"class_list":["post-2268","post","type-post","status-publish","format-standard","has-post-thumbnail","hentry","category-sin-categoria"],"acf":{"ser_id":"NHH4ZYZKABHD5D3WSROUAQSGYQ","ser_url":"https:\/\/cadenaser.com\/comunitat-valenciana\/2024\/02\/12\/la-guardia-civil-y-la-policia-local-de-la-vila-joiosa-detienen-a-un-presunto-piromano-radio-benidorm\/"},"_links":{"self":[{"href":"https:\/\/serbenidorm.daliisolutions.com\/index.php\/wp-json\/wp\/v2\/posts\/2268","targetHints":{"allow":["GET"]}}],"collection":[{"href":"https:\/\/serbenidorm.daliisolutions.com\/index.php\/wp-json\/wp\/v2\/posts"}],"about":[{"href":"https:\/\/serbenidorm.daliisolutions.com\/index.php\/wp-json\/wp\/v2\/types\/post"}],"replies":[{"embeddable":true,"href":"https:\/\/serbenidorm.daliisolutions.com\/index.php\/wp-json\/wp\/v2\/comments?post=2268"}],"version-history":[{"count":0,"href":"https:\/\/serbenidorm.daliisolutions.com\/index.php\/wp-json\/wp\/v2\/posts\/2268\/revisions"}],"wp:featuredmedia":[{"embeddable":true,"href":"https:\/\/serbenidorm.daliisolutions.com\/index.php\/wp-json\/wp\/v2\/media\/2269"}],"wp:attachment":[{"href":"https:\/\/serbenidorm.daliisolutions.com\/index.php\/wp-json\/wp\/v2\/media?parent=2268"}],"wp:term":[{"taxonomy":"category","embeddable":true,"href":"https:\/\/serbenidorm.daliisolutions.com\/index.php\/wp-json\/wp\/v2\/categories?post=2268"},{"taxonomy":"post_tag","embeddable":true,"href":"https:\/\/serbenidorm.daliisolutions.com\/index.php\/wp-json\/wp\/v2\/tags?post=2268"}],"curies":[{"name":"wp","href":"https:\/\/api.w.org\/{rel}","templated":true}]}}