{"id":22692,"date":"2026-02-23T13:48:27","date_gmt":"2026-02-23T12:48:27","guid":{"rendered":"https:\/\/serbenidorm.daliisolutions.com\/index.php\/2026\/02\/23\/el-huesitos-la-vila-ya-conoce-su-calendario-a-la-gloria\/"},"modified":"2026-02-23T13:48:27","modified_gmt":"2026-02-23T12:48:27","slug":"el-huesitos-la-vila-ya-conoce-su-calendario-a-la-gloria","status":"publish","type":"post","link":"https:\/\/serbenidorm.daliisolutions.com\/index.php\/2026\/02\/23\/el-huesitos-la-vila-ya-conoce-su-calendario-a-la-gloria\/","title":{"rendered":"El Huesitos La Vila ya conoce su calendario a la gloria"},"content":{"rendered":" <p>Conseguido el primer y principal objetivo de la temporada, lograr la permanencia al final de la primera fase de la competici\u00f3n liguera, el Huesitos-La Vila inicia ahora y sin presi\u00f3n alguna una segunda mitad del curso en la que los de Hern\u00e1n \u2018Falu\u2019 Quirelli tienen por delante un camino tan complicado como ilusionante.<\/p>  <p>Tras la victoria de este domingo ante el Liceo Franc\u00e9s, lograda quince a\u00f1os y dos d\u00edas despu\u00e9s de aquel hist\u00f3rico 20 de febrero de 2011 en el que el XV del Pantano logr\u00f3 su primer y, hasta ahora, \u00fanico t\u00edtulo de campe\u00f3n de la Divisi\u00f3n de Honor del rugby nacional, los vileros sue\u00f1an con repetir aquella gesta en un a\u00f1o, el segundo consecutivo en la m\u00e1xima categor\u00eda tras su regreso a la misma, en el que la recuperaci\u00f3n deportiva est\u00e1 acompa\u00f1ando a un gran renacer institucional de la mano de Guill\u00e9m Carri\u00f3n y todo su equipo.<\/p>  <p>La Real Federaci\u00f3n Espa\u00f1ola de Rugby ha hecho p\u00fablico este lunes el calendario de la segunda fase de la liga, en la que el Huesitos-La Vila disputar\u00e1 dos partidos como local y otros tres como visitante.<\/p>  <p>Este nuevo tramo de la competici\u00f3n arrancar\u00e1 el pr\u00f3ximo d\u00eda 8 de marzo en El Pantano ante el Cisneros, bestia negra de los de \u2018Falu\u2019 este curso. Despu\u00e9s, el d\u00eda 15 de marzo, el Huesitos-La Vila visitar\u00e1 el Pepe Rojo de Valladolid para v\u00e9rselas con el Vrac, que ha terminado la primera fase de la liga en segunda posici\u00f3n. <\/p>  <p>La tercera jornada, \u00faltima como local para los vileros, se disputar\u00e1 el 22 de marzo en el Pantano con el Alcobendas como rival. Despu\u00e9s, los d\u00edas 12 y 19 de abril, ser\u00e1 el momento del cerrar esta fase de la competici\u00f3n viajando a las canchas del Burgos y del Liceo Franc\u00e9s, respectivamente.<\/p>  <p>El primero objetivo en ese camino hacia la gloria ser\u00e1 terminar esta fase competitiva entre los cuatro primeros clasificados para, de esta manera, poder disputar los cuartos de final (ya a partido \u00fanico) en casa y tener as\u00ed el \u2018factor campo\u2019 a favor en la b\u00fasqueda de las semifinales.<\/p> ","protected":false},"excerpt":{"rendered":"<p>El equipo del Pantano disputar\u00e1 la segunda fase de la liga en busca de jugar los cuartos en casa<\/p>\n","protected":false},"author":0,"featured_media":22693,"comment_status":"","ping_status":"open","sticky":false,"template":"","format":"standard","meta":{"_acf_changed":false,"footnotes":""},"categories":[16],"tags":[],"class_list":["post-22692","post","type-post","status-publish","format-standard","has-post-thumbnail","hentry","category-deportes"],"acf":{"ser_id":"JETW45K2QZH43LLZ6D2CQJ2HWQ","ser_url":"https:\/\/cadenaser.com\/comunitat-valenciana\/2026\/02\/23\/el-huesitos-la-vila-ya-conoce-su-calendario-a-la-gloria-radio-benidorm\/"},"_links":{"self":[{"href":"https:\/\/serbenidorm.daliisolutions.com\/index.php\/wp-json\/wp\/v2\/posts\/22692","targetHints":{"allow":["GET"]}}],"collection":[{"href":"https:\/\/serbenidorm.daliisolutions.com\/index.php\/wp-json\/wp\/v2\/posts"}],"about":[{"href":"https:\/\/serbenidorm.daliisolutions.com\/index.php\/wp-json\/wp\/v2\/types\/post"}],"replies":[{"embeddable":true,"href":"https:\/\/serbenidorm.daliisolutions.com\/index.php\/wp-json\/wp\/v2\/comments?post=22692"}],"version-history":[{"count":0,"href":"https:\/\/serbenidorm.daliisolutions.com\/index.php\/wp-json\/wp\/v2\/posts\/22692\/revisions"}],"wp:featuredmedia":[{"embeddable":true,"href":"https:\/\/serbenidorm.daliisolutions.com\/index.php\/wp-json\/wp\/v2\/media\/22693"}],"wp:attachment":[{"href":"https:\/\/serbenidorm.daliisolutions.com\/index.php\/wp-json\/wp\/v2\/media?parent=22692"}],"wp:term":[{"taxonomy":"category","embeddable":true,"href":"https:\/\/serbenidorm.daliisolutions.com\/index.php\/wp-json\/wp\/v2\/categories?post=22692"},{"taxonomy":"post_tag","embeddable":true,"href":"https:\/\/serbenidorm.daliisolutions.com\/index.php\/wp-json\/wp\/v2\/tags?post=22692"}],"curies":[{"name":"wp","href":"https:\/\/api.w.org\/{rel}","templated":true}]}}