{"id":2270,"date":"2024-02-12T13:14:56","date_gmt":"2024-02-12T12:14:56","guid":{"rendered":"https:\/\/serbenidorm.daliisolutions.com\/index.php\/2024\/02\/12\/piratea-el-sistema-informatico-de-una-joyeria-de-benidorm-en-la-que-trabajaba-para-hacerse-con-2-000-euros\/"},"modified":"2024-02-12T13:14:56","modified_gmt":"2024-02-12T12:14:56","slug":"piratea-el-sistema-informatico-de-una-joyeria-de-benidorm-en-la-que-trabajaba-para-hacerse-con-2-000-euros","status":"publish","type":"post","link":"https:\/\/serbenidorm.daliisolutions.com\/index.php\/2024\/02\/12\/piratea-el-sistema-informatico-de-una-joyeria-de-benidorm-en-la-que-trabajaba-para-hacerse-con-2-000-euros\/","title":{"rendered":"Piratea el sistema inform\u00e1tico de una joyer\u00eda de Benidorm en la que trabajaba para hacerse con 2.000 euros"},"content":{"rendered":"  <p>Benidorm<\/p>   <p>Un exempleado de<a href=\"https:\/\/cadenaser.com\/tag\/benidorm\/a\/\" target=\"_blank\" rel=\"noopener\"> una conocida joyer\u00eda de Benidorm<\/a> ha sido detenido por, supuestamente, piratear el sistema inform\u00e1tico del establecimiento para realizar gestiones de devoluci\u00f3n de pedidos y encargos a otros proveedores por valor de 2.000 euros.<\/p>   <p>Seg\u00fan la Polic\u00eda Nacional, este individuo al que se le atribuyen los delitos de descubrimiento y revelaci\u00f3n de secretos, adem\u00e1s de otro de estafa inform\u00e1tica, es espa\u00f1ol e inici\u00f3 su relaci\u00f3n laboral con la joyer\u00eda en enero de 2023 para llevar las redes comerciales <i>online<\/i>, as\u00ed como la log\u00edstica relacionada con el uso de la inform\u00e1tica y las nuevas tecnolog\u00edas.<\/p>  <p><p>M\u00e1s informaci\u00f3n<\/p><figure><img decoding=\"async\" src=\"https:\/\/cadenaser.com\/resizer\/pkEYYorowaAjS-PjVMOu7PTXc5c=\/650x366\/filters:quality(70)\/cloudfront-eu-central-1.images.arcpublishing.com\/prisaradio\/TX3REHV4XVDNPHBLKDAR6UD4PU.jpg\" loading=\"lazy\" width=\"828\" height=\"621\" \/><\/figure><ul><li><a href=\"https:\/\/cadenaser.com\/comunitat-valenciana\/2024\/02\/12\/piden-nueve-anos-de-carcel-para-dos-porteros-de-discoteca-de-benidorm-que-agredieron-a-dos-clientes-y-dejaron-a-uno-sin-vision-en-un-ojo-radio-benidorm\/\">A juicio dos porteros de discoteca de Benidorm que agredieron a dos clientes y dejaron a uno sin visi\u00f3n en un ojo<\/a><\/li><\/ul><\/p>   <p>Para ello firm\u00f3 un contrato de confidencialidad debido a la cantidad de datos que iba a conocer de la empresa pero un mes despu\u00e9s decidi\u00f3 darse de baja por iniciativa propia.<\/p>   <p>Unos d\u00edas despu\u00e9s accedi\u00f3 de forma remota a los terminales de la empresa desde <a href=\"https:\/\/cadenaser.com\/tag\/lalfas_del_pi\/a\/\" target=\"_blank\" rel=\"noopener\">su domicilio en l&#8217;Alf\u00e0s del Pi<\/a> para realizar gestiones de devoluci\u00f3n de pedidos y encargos a otros proveedores generando un perjuicio econ\u00f3mico a la joyer\u00eda que ascend\u00eda a 2.000 euros en total.<\/p>   <p>La tienda denunci\u00f3 y la investigaci\u00f3n aclar\u00f3 las direcciones IP desde donde se hab\u00edan realizado los encargos as\u00ed como los accesos indebidos a las bases de datos de la joyer\u00eda para, finalmente, esclarecer los hechos que coordina un juzgado de la capital tur\u00edstica de la Comunitat Valenciana.<\/p> ","protected":false},"excerpt":{"rendered":"<p>Desde su casa en l&#8217;Alf\u00e0s<\/p>\n","protected":false},"author":0,"featured_media":2271,"comment_status":"open","ping_status":"open","sticky":false,"template":"","format":"standard","meta":{"_acf_changed":false,"footnotes":""},"categories":[1],"tags":[],"class_list":["post-2270","post","type-post","status-publish","format-standard","has-post-thumbnail","hentry","category-sin-categoria"],"acf":{"ser_id":"LY6QODKUWFHUZK4BRLKU4ASJ2I","ser_url":"https:\/\/cadenaser.com\/comunitat-valenciana\/2024\/02\/12\/piratea-el-sistema-informatico-de-una-joyeria-de-benidorm-en-la-que-trabajaba-para-hacerse-con-2000-euros-radio-benidorm\/"},"_links":{"self":[{"href":"https:\/\/serbenidorm.daliisolutions.com\/index.php\/wp-json\/wp\/v2\/posts\/2270","targetHints":{"allow":["GET"]}}],"collection":[{"href":"https:\/\/serbenidorm.daliisolutions.com\/index.php\/wp-json\/wp\/v2\/posts"}],"about":[{"href":"https:\/\/serbenidorm.daliisolutions.com\/index.php\/wp-json\/wp\/v2\/types\/post"}],"replies":[{"embeddable":true,"href":"https:\/\/serbenidorm.daliisolutions.com\/index.php\/wp-json\/wp\/v2\/comments?post=2270"}],"version-history":[{"count":0,"href":"https:\/\/serbenidorm.daliisolutions.com\/index.php\/wp-json\/wp\/v2\/posts\/2270\/revisions"}],"wp:featuredmedia":[{"embeddable":true,"href":"https:\/\/serbenidorm.daliisolutions.com\/index.php\/wp-json\/wp\/v2\/media\/2271"}],"wp:attachment":[{"href":"https:\/\/serbenidorm.daliisolutions.com\/index.php\/wp-json\/wp\/v2\/media?parent=2270"}],"wp:term":[{"taxonomy":"category","embeddable":true,"href":"https:\/\/serbenidorm.daliisolutions.com\/index.php\/wp-json\/wp\/v2\/categories?post=2270"},{"taxonomy":"post_tag","embeddable":true,"href":"https:\/\/serbenidorm.daliisolutions.com\/index.php\/wp-json\/wp\/v2\/tags?post=2270"}],"curies":[{"name":"wp","href":"https:\/\/api.w.org\/{rel}","templated":true}]}}