{"id":22713,"date":"2026-02-23T18:12:23","date_gmt":"2026-02-23T17:12:23","guid":{"rendered":"https:\/\/serbenidorm.daliisolutions.com\/index.php\/2026\/02\/23\/benidorm-aprueba-una-inversion-de-500-000-euros-para-reordenar-el-trafico-en-la-turistica\/"},"modified":"2026-02-23T18:12:23","modified_gmt":"2026-02-23T17:12:23","slug":"benidorm-aprueba-una-inversion-de-500-000-euros-para-reordenar-el-trafico-en-la-turistica","status":"publish","type":"post","link":"https:\/\/serbenidorm.daliisolutions.com\/index.php\/2026\/02\/23\/benidorm-aprueba-una-inversion-de-500-000-euros-para-reordenar-el-trafico-en-la-turistica\/","title":{"rendered":"Benidorm aprueba una inversi\u00f3n de 500.000 euros para reordenar el tr\u00e1fico en la &#8216;tur\u00edstica&#8217;"},"content":{"rendered":" <p>El Ayuntamiento de Benidorm destinar\u00e1 cerca de 500.000 euros a la mejora de la seguridad vial y la movilidad en la carretera CV-7532, conocida como avenida del Albir, tras la aprobaci\u00f3n este lunes del proyecto por la Junta de Gobierno local.<\/p>  <p>Con un presupuesto base de 411.448 euros, <a href=\"https:\/\/cadenaser.com\/tag\/benidorm\/a\/\" target=\"_blank\" rel=\"nofollow\" title=\"https:\/\/cadenaser.com\/tag\/benidorm\/a\/\">el proyecto contempla la construcci\u00f3n de una nueva glorieta a la altura del acceso al camping Villamar<\/a>, as\u00ed como la mejora y adaptaci\u00f3n del carril bici existente, con el objetivo de reforzar la seguridad de veh\u00edculos, ciclistas y peatones y aumentar la fluidez del tr\u00e1fico.<\/p>  <p>El alcalde, el popular Toni P\u00e9rez, ha recordado que esta v\u00eda es de titularidad municipal desde julio de 2022, cuando la Diputaci\u00f3n Provincial de Alicante cedi\u00f3 al consistorio un tramo de 1,6 kil\u00f3metros comprendido entre la avenida de Severo Ochoa y la rotonda del Trinquet, pasando a tener consideraci\u00f3n de v\u00eda urbana.<\/p>  <p>Seg\u00fan el proyecto, adem\u00e1s de la nueva glorieta se proceder\u00e1 a la reordenaci\u00f3n de accesos y a la adecuaci\u00f3n del carril bici conforme a las recomendaciones del Ministerio de Transportes y Movilidad Sostenible. Tambi\u00e9n se prev\u00e9 la reducci\u00f3n del ancho de los carriles en determinados puntos para favorecer el calmado del tr\u00e1fico y la mejora de la se\u00f1alizaci\u00f3n en las intersecciones con caminos y accesos a propiedades colindantes.<\/p>  <p>El tramo afectado concentra un centro educativo, varios c\u00e1mping, zonas terciarias consolidadas y viviendas, adem\u00e1s de soportar un flujo de veh\u00edculos propio de una v\u00eda urbana, lo que, seg\u00fan el consistorio, hace necesaria una intervenci\u00f3n integral.<\/p>  <p>La actuaci\u00f3n ha sido consensuada con asociaciones vecinales de la zona y cuenta con financiaci\u00f3n europea a trav\u00e9s de los fondos Next Generation, dentro del Plan Territorial de Sostenibilidad Tur\u00edstica de la Comunitat Valenciana 2021, en el marco del programa de movilidad tur\u00edstica sostenible. <\/p> ","protected":false},"excerpt":{"rendered":"<p>Proyecto de mejora de la seguridad vial y la movilidad en la carretera CV-7532<\/p>\n","protected":false},"author":0,"featured_media":22714,"comment_status":"","ping_status":"open","sticky":false,"template":"","format":"standard","meta":{"_acf_changed":false,"footnotes":""},"categories":[1],"tags":[],"class_list":["post-22713","post","type-post","status-publish","format-standard","has-post-thumbnail","hentry","category-sin-categoria"],"acf":{"ser_id":"SKZWU27KTBEBBCSICVVWHE3RJM","ser_url":"https:\/\/cadenaser.com\/comunitat-valenciana\/2026\/02\/23\/benidorm-aprueba-una-inversion-de-500000-euros-para-reordenar-el-trafico-en-la-turistica-radio-benidorm\/"},"_links":{"self":[{"href":"https:\/\/serbenidorm.daliisolutions.com\/index.php\/wp-json\/wp\/v2\/posts\/22713","targetHints":{"allow":["GET"]}}],"collection":[{"href":"https:\/\/serbenidorm.daliisolutions.com\/index.php\/wp-json\/wp\/v2\/posts"}],"about":[{"href":"https:\/\/serbenidorm.daliisolutions.com\/index.php\/wp-json\/wp\/v2\/types\/post"}],"replies":[{"embeddable":true,"href":"https:\/\/serbenidorm.daliisolutions.com\/index.php\/wp-json\/wp\/v2\/comments?post=22713"}],"version-history":[{"count":0,"href":"https:\/\/serbenidorm.daliisolutions.com\/index.php\/wp-json\/wp\/v2\/posts\/22713\/revisions"}],"wp:featuredmedia":[{"embeddable":true,"href":"https:\/\/serbenidorm.daliisolutions.com\/index.php\/wp-json\/wp\/v2\/media\/22714"}],"wp:attachment":[{"href":"https:\/\/serbenidorm.daliisolutions.com\/index.php\/wp-json\/wp\/v2\/media?parent=22713"}],"wp:term":[{"taxonomy":"category","embeddable":true,"href":"https:\/\/serbenidorm.daliisolutions.com\/index.php\/wp-json\/wp\/v2\/categories?post=22713"},{"taxonomy":"post_tag","embeddable":true,"href":"https:\/\/serbenidorm.daliisolutions.com\/index.php\/wp-json\/wp\/v2\/tags?post=22713"}],"curies":[{"name":"wp","href":"https:\/\/api.w.org\/{rel}","templated":true}]}}