{"id":2272,"date":"2024-02-12T13:14:57","date_gmt":"2024-02-12T12:14:57","guid":{"rendered":"https:\/\/serbenidorm.daliisolutions.com\/index.php\/2024\/02\/12\/a-juicio-dos-porteros-de-discoteca-de-benidorm-que-agredieron-a-dos-clientes-y-dejaron-a-uno-sin-vision-en-un-ojo\/"},"modified":"2024-02-12T13:14:57","modified_gmt":"2024-02-12T12:14:57","slug":"a-juicio-dos-porteros-de-discoteca-de-benidorm-que-agredieron-a-dos-clientes-y-dejaron-a-uno-sin-vision-en-un-ojo","status":"publish","type":"post","link":"https:\/\/serbenidorm.daliisolutions.com\/index.php\/2024\/02\/12\/a-juicio-dos-porteros-de-discoteca-de-benidorm-que-agredieron-a-dos-clientes-y-dejaron-a-uno-sin-vision-en-un-ojo\/","title":{"rendered":"A juicio dos porteros de discoteca de Benidorm que agredieron a dos clientes y dejaron a uno sin visi\u00f3n en un ojo"},"content":{"rendered":"  <p>Benidorm<\/p>   <p>Este lunes tiene lugar en la Audiencia Provincial de Alicante el juicio a dos hombres, <a href=\"https:\/\/cadenaser.com\/tag\/benidorm\/a\/\" target=\"_blank\" rel=\"noopener\">porteros de discoteca en Benidorm<\/a>, acusados de golpear a dos clientes, agresi\u00f3n que provoc\u00f3 la p\u00e9rdida de la visi\u00f3n de un ojo a uno de ellos, seg\u00fan ha informado el Tribunal Superior de Justicia de la Comunitat Valenciana (TSJCV).<\/p>   <p>Los hechos ocurrieron en la madrugada del 1 de enero de 2018 en un establecimiento de la capital tur\u00edstica cuando las dos v\u00edctimas se encontraban en la zona de los ba\u00f1os hablando en voz alta.<\/p>  <p><p>M\u00e1s informaci\u00f3n<\/p><figure><img decoding=\"async\" src=\"https:\/\/cadenaser.com\/resizer\/QwWHsSluRjuoQk-bGzdfDR4dZAI=\/650x366\/filters:quality(70)\/cloudfront-eu-central-1.images.arcpublishing.com\/prisaradio\/IUBG4WKBYQH5J6ZLPDFJ6EOATE.jpg\" loading=\"lazy\" width=\"828\" height=\"621\" \/><\/figure><ul><li><a href=\"https:\/\/cadenaser.com\/comunitat-valenciana\/2024\/02\/09\/pasa-a-disposicion-judicial-el-presunto-asesino-de-una-mujer-en-lalfas-del-pi-radio-benidorm\/\">Prisi\u00f3n incondicional para el presunto asesino de una mujer en l\u2019Alf\u00e0s del Pi<\/a><\/li><\/ul><\/p>   <p>Seg\u00fan mantiene la acusaci\u00f3n p\u00fablica, los encausados propinaron un pu\u00f1etazo en el ojo a uno de los perjudicados y le derribaron. Una vez en el suelo, los dos vigilantes siguieron golpe\u00e1ndole.<\/p>   <p>El hombre necesit\u00f3 ser operado y perdi\u00f3 la visi\u00f3n total del ojo izquierdo. Cuando el otro perjudicado intent\u00f3 mediar, tambi\u00e9n recibi\u00f3 varios pu\u00f1etazos en la cara. La Fiscal\u00eda pide para cada uno de los procesados una pena de prisi\u00f3n de nueve a\u00f1os por dos delitos de lesiones.<\/p> ","protected":false},"excerpt":{"rendered":"<p>Los hechos ocurrieron en 2018<\/p>\n","protected":false},"author":0,"featured_media":2273,"comment_status":"open","ping_status":"open","sticky":false,"template":"","format":"standard","meta":{"_acf_changed":false,"footnotes":""},"categories":[1],"tags":[],"class_list":["post-2272","post","type-post","status-publish","format-standard","has-post-thumbnail","hentry","category-sin-categoria"],"acf":{"ser_id":"JBN2MTULOVBJ7ONGFIZAOI3D2U","ser_url":"https:\/\/cadenaser.com\/comunitat-valenciana\/2024\/02\/12\/piden-nueve-anos-de-carcel-para-dos-porteros-de-discoteca-de-benidorm-que-agredieron-a-dos-clientes-y-dejaron-a-uno-sin-vision-en-un-ojo-radio-benidorm\/"},"_links":{"self":[{"href":"https:\/\/serbenidorm.daliisolutions.com\/index.php\/wp-json\/wp\/v2\/posts\/2272","targetHints":{"allow":["GET"]}}],"collection":[{"href":"https:\/\/serbenidorm.daliisolutions.com\/index.php\/wp-json\/wp\/v2\/posts"}],"about":[{"href":"https:\/\/serbenidorm.daliisolutions.com\/index.php\/wp-json\/wp\/v2\/types\/post"}],"replies":[{"embeddable":true,"href":"https:\/\/serbenidorm.daliisolutions.com\/index.php\/wp-json\/wp\/v2\/comments?post=2272"}],"version-history":[{"count":0,"href":"https:\/\/serbenidorm.daliisolutions.com\/index.php\/wp-json\/wp\/v2\/posts\/2272\/revisions"}],"wp:featuredmedia":[{"embeddable":true,"href":"https:\/\/serbenidorm.daliisolutions.com\/index.php\/wp-json\/wp\/v2\/media\/2273"}],"wp:attachment":[{"href":"https:\/\/serbenidorm.daliisolutions.com\/index.php\/wp-json\/wp\/v2\/media?parent=2272"}],"wp:term":[{"taxonomy":"category","embeddable":true,"href":"https:\/\/serbenidorm.daliisolutions.com\/index.php\/wp-json\/wp\/v2\/categories?post=2272"},{"taxonomy":"post_tag","embeddable":true,"href":"https:\/\/serbenidorm.daliisolutions.com\/index.php\/wp-json\/wp\/v2\/tags?post=2272"}],"curies":[{"name":"wp","href":"https:\/\/api.w.org\/{rel}","templated":true}]}}