{"id":22730,"date":"2026-02-24T14:16:24","date_gmt":"2026-02-24T13:16:24","guid":{"rendered":"https:\/\/serbenidorm.daliisolutions.com\/index.php\/2026\/02\/24\/benidorm-se-abre-ahora-a-negociar-con-los-murcia-puchades-el-pago-de-los-350-millones-de-serra-gelada\/"},"modified":"2026-02-24T14:16:24","modified_gmt":"2026-02-24T13:16:24","slug":"benidorm-se-abre-ahora-a-negociar-con-los-murcia-puchades-el-pago-de-los-350-millones-de-serra-gelada","status":"publish","type":"post","link":"https:\/\/serbenidorm.daliisolutions.com\/index.php\/2026\/02\/24\/benidorm-se-abre-ahora-a-negociar-con-los-murcia-puchades-el-pago-de-los-350-millones-de-serra-gelada\/","title":{"rendered":"Benidorm se abre ahora a negociar con los Murcia Puchades el pago de los 350 millones de Serra Gelada"},"content":{"rendered":" <p>Los 350 millones de Serra Gelada siguen en el punto de mira. <a href=\"https:\/\/cadenaser.com\/tag\/benidorm\/a\/\" target=\"_blank\" rel=\"nofollow\" title=\"https:\/\/cadenaser.com\/tag\/benidorm\/a\/\">El juez da al Ayuntamiento de Benidorm hasta el 10 de marzo para explicar c\u00f3mo va a pagar la condena a los Murcia Puchades por no compensarles por la p\u00e9rdida de edificabilidad en el sector APR-7, parque natural desde 2005<\/a>, y no cumplir con los convenios que tanto PP como PSOE han ido renovando durante las \u00faltimas dos d\u00e9cadas.<\/p>  <p>El alcalde, ahora del PP, se abre por primera vez a negociar con la familia, una audiencia con todas las partes implicadas en la sentencia en la que Toni P\u00e9rez asegura que no participar\u00e1 ning\u00fan pol\u00edtico, solo t\u00e9cnicos municipales. <\/p>  <p>El primer edil llevar\u00e1 a pleno el viernes la autorizaci\u00f3n para conceder ese plazo de audiencia y explorar una soluci\u00f3n para afrontar el pago. Un pago al que se van a destinar adem\u00e1s los 55 millones de euros del pr\u00e9stamo que el Ministerio de Hacienda acaba de autorizar. <\/p>  <p>P\u00e9rez se ha mostrado muy cr\u00edtico durante la rueda de prensa con la oposici\u00f3n socialista, a la que acusa de una \u00abdeslealtad absoluta\u00bb. Mientras la portavoz del PSOE, Cristina Escoda, ha vuelto a pedir su dimisi\u00f3n y denuncia su \u00abpar\u00e1lisis\u00bb.<\/p>  <p>Tanto el pr\u00e9stamo de 55 millones como la v\u00eda de la negociaci\u00f3n ir\u00e1n al pleno de este pr\u00f3ximo viernes. <\/p> ","protected":false},"excerpt":{"rendered":"<p>El Ministerio del Hacienda conceder\u00e1  un pr\u00e9stamo de 55 millones al Ayuntamiento para empezar a afrontar la indemnizaci\u00f3n a los propietarios del suelo del APR-7<\/p>\n","protected":false},"author":0,"featured_media":22731,"comment_status":"","ping_status":"open","sticky":false,"template":"","format":"standard","meta":{"_acf_changed":false,"footnotes":""},"categories":[1],"tags":[],"class_list":["post-22730","post","type-post","status-publish","format-standard","has-post-thumbnail","hentry","category-sin-categoria"],"acf":{"ser_id":"KL47BU2H65ECVB773NFWQF2UUQ","ser_url":"https:\/\/cadenaser.com\/comunitat-valenciana\/2026\/02\/24\/benidorm-se-abre-ahora-a-negociar-con-los-murcia-puchades-el-pago-de-los-350-millones-de-serra-gelada-radio-benidorm\/"},"_links":{"self":[{"href":"https:\/\/serbenidorm.daliisolutions.com\/index.php\/wp-json\/wp\/v2\/posts\/22730","targetHints":{"allow":["GET"]}}],"collection":[{"href":"https:\/\/serbenidorm.daliisolutions.com\/index.php\/wp-json\/wp\/v2\/posts"}],"about":[{"href":"https:\/\/serbenidorm.daliisolutions.com\/index.php\/wp-json\/wp\/v2\/types\/post"}],"replies":[{"embeddable":true,"href":"https:\/\/serbenidorm.daliisolutions.com\/index.php\/wp-json\/wp\/v2\/comments?post=22730"}],"version-history":[{"count":0,"href":"https:\/\/serbenidorm.daliisolutions.com\/index.php\/wp-json\/wp\/v2\/posts\/22730\/revisions"}],"wp:featuredmedia":[{"embeddable":true,"href":"https:\/\/serbenidorm.daliisolutions.com\/index.php\/wp-json\/wp\/v2\/media\/22731"}],"wp:attachment":[{"href":"https:\/\/serbenidorm.daliisolutions.com\/index.php\/wp-json\/wp\/v2\/media?parent=22730"}],"wp:term":[{"taxonomy":"category","embeddable":true,"href":"https:\/\/serbenidorm.daliisolutions.com\/index.php\/wp-json\/wp\/v2\/categories?post=22730"},{"taxonomy":"post_tag","embeddable":true,"href":"https:\/\/serbenidorm.daliisolutions.com\/index.php\/wp-json\/wp\/v2\/tags?post=22730"}],"curies":[{"name":"wp","href":"https:\/\/api.w.org\/{rel}","templated":true}]}}