{"id":22734,"date":"2026-02-24T14:58:38","date_gmt":"2026-02-24T13:58:38","guid":{"rendered":"https:\/\/serbenidorm.daliisolutions.com\/index.php\/2026\/02\/24\/la-nucia-coloca-la-primera-piedra-de-porta-nucia-un-nuevo-parque-comercial\/"},"modified":"2026-02-24T14:58:38","modified_gmt":"2026-02-24T13:58:38","slug":"la-nucia-coloca-la-primera-piedra-de-porta-nucia-un-nuevo-parque-comercial","status":"publish","type":"post","link":"https:\/\/serbenidorm.daliisolutions.com\/index.php\/2026\/02\/24\/la-nucia-coloca-la-primera-piedra-de-porta-nucia-un-nuevo-parque-comercial\/","title":{"rendered":"La Nuc\u00eda coloca la primera piedra de \u00abPorta Nuc\u00eda\u00bb, un nuevo parque comercial"},"content":{"rendered":" <p>El municipio de La Nuc\u00eda ha acogido el acto de colocaci\u00f3n de la primera piedra de \u00abPorta Nuc\u00eda\u00bb, un nuevo parque comercial promovido por JJ Matriz Capital que se desarrollar\u00e1 junto a la Ciudad del Deporte. El proyecto terciario ocupar\u00e1 una superficie total de 21.600 metros cuadrados y supondr\u00e1 una inversi\u00f3n superior a los 20 millones de euros.<\/p>  <p>El acto cont\u00f3 con la presencia del alcalde, Bernab\u00e9 Cano, junto a representantes del grupo empresarial y miembros de la corporaci\u00f3n municipal. El parque comercial incluir\u00e1 10.000 metros cuadrados destinados a locales adaptables para diferentes operadores adem\u00e1s de un aparcamiento con 400 plazas. La finalizaci\u00f3n de las obras est\u00e1 prevista para el primer trimestre de 2027.<\/p>  <p>El desarrollo contempla tambi\u00e9n una parcela independiente con una edificabilidad adicional de aproximadamente 6.000 metros cuadrados destinada a una futura promoci\u00f3n hotelera o residencial, ampliando as\u00ed el potencial de crecimiento del entorno. Su ubicaci\u00f3n estrat\u00e9gica, en la rotonda de acceso a la Ciudad del Deporte y en un \u00e1rea comercial y residencial consolidada, permitir\u00e1 dar servicio a una poblaci\u00f3n vinculada estimada en m\u00e1s de 126.000 habitantes.<\/p>  <p>Desde el Ayuntamiento destacan que este nuevo parque comercial supondr\u00e1 la apertura de nuevos negocios y la generaci\u00f3n de empleo, reforzando el papel de La Nuc\u00eda como polo comercial vinculado al deporte en la comarca. Por su parte, la promotora subraya que el proyecto responde a un modelo integral que abarca desde la identificaci\u00f3n del suelo hasta la ejecuci\u00f3n de la obra, consolidando su apuesta por desarrollos estrat\u00e9gicos en la Comunitat Valenciana.<\/p> ","protected":false},"excerpt":{"rendered":"<p>El proyecto, impulsado por JJ Matriz Capital, contempla 10.000 metros cuadrados de superficie comercial, 400 plazas de aparcamiento y una futura promoci\u00f3n hotelera<\/p>\n","protected":false},"author":0,"featured_media":22735,"comment_status":"","ping_status":"open","sticky":false,"template":"","format":"standard","meta":{"_acf_changed":false,"footnotes":""},"categories":[1],"tags":[],"class_list":["post-22734","post","type-post","status-publish","format-standard","has-post-thumbnail","hentry","category-sin-categoria"],"acf":{"ser_id":"F23IWRBUE5CRHC5NMC6J2OZWFY","ser_url":"https:\/\/cadenaser.com\/comunitat-valenciana\/2026\/02\/24\/la-nucia-coloca-la-primera-piedra-de-porta-nucia-un-nuevo-parque-comercial-radio-benidorm\/"},"_links":{"self":[{"href":"https:\/\/serbenidorm.daliisolutions.com\/index.php\/wp-json\/wp\/v2\/posts\/22734","targetHints":{"allow":["GET"]}}],"collection":[{"href":"https:\/\/serbenidorm.daliisolutions.com\/index.php\/wp-json\/wp\/v2\/posts"}],"about":[{"href":"https:\/\/serbenidorm.daliisolutions.com\/index.php\/wp-json\/wp\/v2\/types\/post"}],"replies":[{"embeddable":true,"href":"https:\/\/serbenidorm.daliisolutions.com\/index.php\/wp-json\/wp\/v2\/comments?post=22734"}],"version-history":[{"count":0,"href":"https:\/\/serbenidorm.daliisolutions.com\/index.php\/wp-json\/wp\/v2\/posts\/22734\/revisions"}],"wp:featuredmedia":[{"embeddable":true,"href":"https:\/\/serbenidorm.daliisolutions.com\/index.php\/wp-json\/wp\/v2\/media\/22735"}],"wp:attachment":[{"href":"https:\/\/serbenidorm.daliisolutions.com\/index.php\/wp-json\/wp\/v2\/media?parent=22734"}],"wp:term":[{"taxonomy":"category","embeddable":true,"href":"https:\/\/serbenidorm.daliisolutions.com\/index.php\/wp-json\/wp\/v2\/categories?post=22734"},{"taxonomy":"post_tag","embeddable":true,"href":"https:\/\/serbenidorm.daliisolutions.com\/index.php\/wp-json\/wp\/v2\/tags?post=22734"}],"curies":[{"name":"wp","href":"https:\/\/api.w.org\/{rel}","templated":true}]}}