{"id":22736,"date":"2026-02-24T15:11:05","date_gmt":"2026-02-24T14:11:05","guid":{"rendered":"https:\/\/serbenidorm.daliisolutions.com\/index.php\/2026\/02\/24\/el-festival-de-cine-de-lalfas-del-pi-abre-el-plazo-para-participar-en-su-38-certamen-nacional-de-cortometrajes\/"},"modified":"2026-02-24T15:11:05","modified_gmt":"2026-02-24T14:11:05","slug":"el-festival-de-cine-de-lalfas-del-pi-abre-el-plazo-para-participar-en-su-38-certamen-nacional-de-cortometrajes","status":"publish","type":"post","link":"https:\/\/serbenidorm.daliisolutions.com\/index.php\/2026\/02\/24\/el-festival-de-cine-de-lalfas-del-pi-abre-el-plazo-para-participar-en-su-38-certamen-nacional-de-cortometrajes\/","title":{"rendered":"El Festival de Cine de l\u2019Alf\u00e0s del Pi abre el plazo para participar en su 38 Certamen Nacional de Cortometrajes"},"content":{"rendered":" <p>El Festival de Cine de l\u2019Alf\u00e0s del Pi ha abierto este martes 24 de febrero el plazo de inscripci\u00f3n para participar en el 38 Certamen Nacional de Cortometrajes, cuyo periodo de presentaci\u00f3n de obras permanecer\u00e1 activo hasta el pr\u00f3ximo 10 de mayo. La convocatoria est\u00e1 dirigida a productores y realizadores espa\u00f1oles de pel\u00edculas de ficci\u00f3n realizadas en 2025 y 2026, con una duraci\u00f3n m\u00e1xima de 30 minutos.<\/p>  <p>El alcalde de l\u2019Alf\u00e0s del Pi, Vicente Arques, ha destacado que el certamen es \u00abel alma del Festival\u00bb y una plataforma clave para la promoci\u00f3n del talento cinematogr\u00e1fico espa\u00f1ol. En la pasada edici\u00f3n se recibieron 1.217 cortometrajes, una cifra que, seg\u00fan la organizaci\u00f3n, consolida al festival como uno de los m\u00e1s valorados del panorama nacional.<\/p>  <p>El certamen destinar\u00e1 9.500 euros en premios, con un primer galard\u00f3n dotado con 4.000 euros y el Faro de Plata, adem\u00e1s de un segundo y tercer premio. Tambi\u00e9n se reconocer\u00e1 al Mejor Cortometraje Valenciano, Mejor Corto de Animaci\u00f3n y Mejor Corto Dirigido por Mujeres, junto a otros premios sin dotaci\u00f3n econ\u00f3mica a la direcci\u00f3n, guion, interpretaci\u00f3n y fotograf\u00eda.<\/p>  <p>El corto ganador podr\u00e1 optar a los Premios Goya, ya que el festival est\u00e1 designado por la Academia de Cine para la preselecci\u00f3n de candidatos en la categor\u00eda de Mejor Cortometraje Nacional de Ficci\u00f3n. Adem\u00e1s, como novedad, este a\u00f1o las obras premiadas tambi\u00e9n podr\u00e1n concurrir a los Premios Fugaz. El 38 Festival de Cine de l\u2019Alf\u00e0s del Pi se celebrar\u00e1 del 4 al 12 de julio.<\/p> ","protected":false},"excerpt":{"rendered":"<p>La convocatoria estar\u00e1 abierta hasta el 10 de mayo y repartir\u00e1 9.500 euros en premios dentro de la secci\u00f3n competitiva<\/p>\n","protected":false},"author":0,"featured_media":22737,"comment_status":"","ping_status":"open","sticky":false,"template":"","format":"standard","meta":{"_acf_changed":false,"footnotes":""},"categories":[1],"tags":[],"class_list":["post-22736","post","type-post","status-publish","format-standard","has-post-thumbnail","hentry","category-sin-categoria"],"acf":{"ser_id":"C4V7CDZLFFHULIV26UZ7BHWG4M","ser_url":"https:\/\/cadenaser.com\/comunitat-valenciana\/2026\/02\/24\/el-festival-de-cine-de-lalfas-del-pi-abre-el-plazo-para-participar-en-su-38-certamen-nacional-de-cortometrajes-radio-benidorm\/"},"_links":{"self":[{"href":"https:\/\/serbenidorm.daliisolutions.com\/index.php\/wp-json\/wp\/v2\/posts\/22736","targetHints":{"allow":["GET"]}}],"collection":[{"href":"https:\/\/serbenidorm.daliisolutions.com\/index.php\/wp-json\/wp\/v2\/posts"}],"about":[{"href":"https:\/\/serbenidorm.daliisolutions.com\/index.php\/wp-json\/wp\/v2\/types\/post"}],"replies":[{"embeddable":true,"href":"https:\/\/serbenidorm.daliisolutions.com\/index.php\/wp-json\/wp\/v2\/comments?post=22736"}],"version-history":[{"count":0,"href":"https:\/\/serbenidorm.daliisolutions.com\/index.php\/wp-json\/wp\/v2\/posts\/22736\/revisions"}],"wp:featuredmedia":[{"embeddable":true,"href":"https:\/\/serbenidorm.daliisolutions.com\/index.php\/wp-json\/wp\/v2\/media\/22737"}],"wp:attachment":[{"href":"https:\/\/serbenidorm.daliisolutions.com\/index.php\/wp-json\/wp\/v2\/media?parent=22736"}],"wp:term":[{"taxonomy":"category","embeddable":true,"href":"https:\/\/serbenidorm.daliisolutions.com\/index.php\/wp-json\/wp\/v2\/categories?post=22736"},{"taxonomy":"post_tag","embeddable":true,"href":"https:\/\/serbenidorm.daliisolutions.com\/index.php\/wp-json\/wp\/v2\/tags?post=22736"}],"curies":[{"name":"wp","href":"https:\/\/api.w.org\/{rel}","templated":true}]}}