{"id":2274,"date":"2024-02-12T13:14:58","date_gmt":"2024-02-12T12:14:58","guid":{"rendered":"https:\/\/serbenidorm.daliisolutions.com\/index.php\/2024\/02\/12\/el-benidorm-empata-en-rojales-y-es-mas-lider\/"},"modified":"2024-02-12T13:14:58","modified_gmt":"2024-02-12T12:14:58","slug":"el-benidorm-empata-en-rojales-y-es-mas-lider","status":"publish","type":"post","link":"https:\/\/serbenidorm.daliisolutions.com\/index.php\/2024\/02\/12\/el-benidorm-empata-en-rojales-y-es-mas-lider\/","title":{"rendered":"El Benidorm empata en Rojales y es m\u00e1s l\u00edder"},"content":{"rendered":"  <p>Benidorm<\/p>   <p>El <a href=\"https:\/\/cadenaser.com\/tag\/club_futbol_benidorm\/a\/\" target=\"_blank\" rel=\"noopener\">C.F. Benidorm<\/a> no pudo pasar del empate a un gol en <a href=\"https:\/\/cadenaser.com\/comunitat-valenciana\/2024\/02\/09\/el-benidorm-viaja-rojales-en-una-jornada-propicia-para-sumar-tres-puntos-radio-benidorm\/\" target=\"_blank\" rel=\"noopener\">su visita al campo del Thader<\/a>. Pese a ver interrumpida su racha de ocho partidos ganados consecutivos, los de Miguel \u00c1ngel Mart\u00ednez son m\u00e1s l\u00edderes todav\u00eda gracias al inesperado tropiezo del Eldense B, su m\u00e1s inmediato perseguidor, ante el J\u00e1vea colista de la tabla, que coloca a los del Guillermo Amor con diez puntos de ventaja en lo m\u00e1s alto de la clasificaci\u00f3n.<\/p>   <p>El Benidorm se adelant\u00f3 en la primera mitad gracias a un gol en propia puerta de Bernal, lo que soliviant\u00f3 todav\u00eda m\u00e1s al conjunto de Rojales, que finalmente, y gracias a un partido muy serio por su parte, acabar\u00eda subiendo la igualada en la segunda mitad por medio de Tremi\u00f1o, sumando as\u00ed un punto que saca al Thader de los puestos de descenso.<\/p>   <p><b>Derrota con pol\u00e9mica de La Nuc\u00eda<\/b><\/p>   <p>Mucho peor le fueron las cosas al <a href=\"https:\/\/cadenaser.com\/tag\/club_futbol_la_nucia\/a\/\" target=\"_blank\" rel=\"noopener\">C.F. La Nuc\u00eda<\/a>, que cay\u00f3 sin paliativos por 4-1 en su visita al Sant Andreu. Pese a la contundencia del marcador, el partido acab\u00f3 con pol\u00e9mica debido a las dur\u00edsimas declaraciones del entrenador rojillo, Mario Cartagena, que culp\u00f3 al \u00e1rbitro de la derrota con palabras muy gruesas que habr\u00e1 que esperar para ver si le acarrean alg\u00fan tipo de sanci\u00f3n al t\u00e9cnico nuciero.<\/p>   <p>Tras este resultado, La Nuc\u00eda vuelve a la posici\u00f3n de colista y se coloca a once puntos de la salvaci\u00f3n.<\/p> ","protected":false},"excerpt":{"rendered":"<p>La Nuc\u00eda vio truncada su buena racha al caer por 4-1 en el campo del Sant Andreu<\/p>\n","protected":false},"author":0,"featured_media":2275,"comment_status":"open","ping_status":"open","sticky":false,"template":"","format":"standard","meta":{"_acf_changed":false,"footnotes":""},"categories":[16],"tags":[],"class_list":["post-2274","post","type-post","status-publish","format-standard","has-post-thumbnail","hentry","category-deportes"],"acf":{"ser_id":"MAXSFYQXNBFN7ASI6OOP2QRMQA","ser_url":"https:\/\/cadenaser.com\/comunitat-valenciana\/2024\/02\/12\/el-benidorm-empata-en-rojales-y-es-mas-lider-radio-benidorm\/"},"_links":{"self":[{"href":"https:\/\/serbenidorm.daliisolutions.com\/index.php\/wp-json\/wp\/v2\/posts\/2274","targetHints":{"allow":["GET"]}}],"collection":[{"href":"https:\/\/serbenidorm.daliisolutions.com\/index.php\/wp-json\/wp\/v2\/posts"}],"about":[{"href":"https:\/\/serbenidorm.daliisolutions.com\/index.php\/wp-json\/wp\/v2\/types\/post"}],"replies":[{"embeddable":true,"href":"https:\/\/serbenidorm.daliisolutions.com\/index.php\/wp-json\/wp\/v2\/comments?post=2274"}],"version-history":[{"count":0,"href":"https:\/\/serbenidorm.daliisolutions.com\/index.php\/wp-json\/wp\/v2\/posts\/2274\/revisions"}],"wp:featuredmedia":[{"embeddable":true,"href":"https:\/\/serbenidorm.daliisolutions.com\/index.php\/wp-json\/wp\/v2\/media\/2275"}],"wp:attachment":[{"href":"https:\/\/serbenidorm.daliisolutions.com\/index.php\/wp-json\/wp\/v2\/media?parent=2274"}],"wp:term":[{"taxonomy":"category","embeddable":true,"href":"https:\/\/serbenidorm.daliisolutions.com\/index.php\/wp-json\/wp\/v2\/categories?post=2274"},{"taxonomy":"post_tag","embeddable":true,"href":"https:\/\/serbenidorm.daliisolutions.com\/index.php\/wp-json\/wp\/v2\/tags?post=2274"}],"curies":[{"name":"wp","href":"https:\/\/api.w.org\/{rel}","templated":true}]}}