{"id":22758,"date":"2026-02-25T11:46:02","date_gmt":"2026-02-25T10:46:02","guid":{"rendered":"https:\/\/serbenidorm.daliisolutions.com\/index.php\/2026\/02\/25\/la-nucia-se-descubre-desde-las-aulas\/"},"modified":"2026-02-25T11:46:02","modified_gmt":"2026-02-25T10:46:02","slug":"la-nucia-se-descubre-desde-las-aulas","status":"publish","type":"post","link":"https:\/\/serbenidorm.daliisolutions.com\/index.php\/2026\/02\/25\/la-nucia-se-descubre-desde-las-aulas\/","title":{"rendered":"La Nuc\u00eda se descubre desde las aulas"},"content":{"rendered":" <p>El casco hist\u00f3rico de La Nuc\u00eda es mucho m\u00e1s que un conjunto de calles encaladas, plazas tranquilas y edificios centenarios. Es memoria viva, tradici\u00f3n y relato compartido. En el \u00faltimo programa de \u2018A Vivir Benidorm\u2019, conversamos con Enric Pastor, autor de la gu\u00eda did\u00e1ctica y responsable de las visitas escolares al n\u00facleo antiguo del municipio, una iniciativa que cumple ya 23 a\u00f1os acercando la historia local a los m\u00e1s peque\u00f1os.<\/p>  <p>Pastor, jefe de prensa del Ayuntamiento nuciero, reconoce que su d\u00eda a d\u00eda est\u00e1 muy pegado a la actualidad y a los proyectos de futuro. Sin embargo, hace m\u00e1s de dos d\u00e9cadas acept\u00f3 el reto que le lanz\u00f3 la Concejal\u00eda de Educaci\u00f3n: dise\u00f1ar una actividad extraescolar para que los escolares conocieran el origen y la evoluci\u00f3n de su pueblo. Desde entonces, centenares de alumnos de Segundo de Primaria han recorrido con \u00e9l el coraz\u00f3n hist\u00f3rico de La Nuc\u00eda.<\/p>  <p>\u201cCuando paseamos por el centro podemos cometer el error de pensar que lo que vemos siempre fue as\u00ed\u201d, explica. Y precisamente esa es una de las claves de la actividad: romper esa percepci\u00f3n. A trav\u00e9s de la gu\u00eda did\u00e1ctica, apoyada en los estudios del cronista oficial Miguel Guardiola y en la tradici\u00f3n oral recogida de mayores del municipio \u2014incluida su propia abuela\u2014, los ni\u00f1os descubren que la realidad que hoy conocen es fruto de muchos cambios.<\/p>  <p>Uno de los momentos que m\u00e1s sorprende al alumnado llega en el antiguo lavadero. All\u00ed, Pastor les cuenta que hasta 1960 no hab\u00eda agua corriente en las casas de La Nuc\u00eda. Sin grifos, sin lavadoras, sin comodidades que hoy damos por hechas. Ese dato genera un aut\u00e9ntico \u201c\u00a1wow!\u201d entre los escolares, oblig\u00e1ndoles a hacer un ejercicio de abstracci\u00f3n sobre c\u00f3mo era la vida cotidiana hace apenas unas d\u00e9cadas.<\/p>  <p>Las fotograf\u00edas antiguas incluidas en la unidad did\u00e1ctica tambi\u00e9n sirven para explicar el contexto social de la \u00e9poca: los roles diferenciados de hombres y mujeres, las tareas dom\u00e9sticas, los trabajos tradicionales. Todo ello se contextualiza y se compara con la realidad actual para ayudarles a entender la evoluci\u00f3n social.<\/p>  <p>Uno de los aspectos que m\u00e1s llama la atenci\u00f3n es comprobar que la actividad cultural en La Nuc\u00eda no es algo reciente. A principios del siglo XX ya exist\u00edan infraestructuras como el Teatro Alc\u00e1zar, promovido por una familia que hab\u00eda emigrado a Alcazarquivir (Ksar el Kebir), en Marruecos. Aquella familia construy\u00f3 su vivienda \u2014conocida popularmente como \u2018El chalet\u2019, donde hoy se ubica el Juzgado de Paz\u2014 y tambi\u00e9n un teatro de fachada amarilla que permaneci\u00f3 en pie hasta 2002.<\/p>  <p>La primera biblioteca del municipio tambi\u00e9n estuvo en ese entorno. Son detalles que rompen la imagen simplista de un pueblo peque\u00f1o sin actividad cultural y que ayudan a entender la inquietud social y cultural de generaciones pasadas.<\/p>  <p>Pero no todo son edificios visibles. En pleno casco antiguo se conservan cuatro hornacinas con santos que marcaban las antiguas entradas al municipio. La Nuc\u00eda naci\u00f3 como pueblo en 1705 y, sin murallas que la protegieran, coloc\u00f3 estas im\u00e1genes para bendecir y proteger a la poblaci\u00f3n, especialmente durante episodios como la peste del siglo XVIII.<\/p>  <p>San Vicent se\u00f1alaba la entrada desde Altea; Santa Teresa, desde el campo del Planet; Sant Antonio, junto al lavadero, desde Callosa y el r\u00edo; y San Jos\u00e9, en la plaza Sant Josep, desde Polop y el valle de Guadalest. Lo m\u00e1s llamativo es que estas im\u00e1genes siguen hoy en casas particulares, respetadas incluso por propietarios que quiz\u00e1 no sean creyentes, pero que mantienen viva la tradici\u00f3n heredada.<\/p>  <p>La iglesia parroquial, que a muchos visitantes les parece desproporcionadamente grande, tambi\u00e9n guarda su historia. Construida a principios del siglo XVIII, no se levant\u00f3 de una sola vez. En un primer momento estaba separada del campanario y su acceso principal no era el actual. La espectacular escalinata contribuye a esa sensaci\u00f3n de monumentalidad.<\/p>  <p>En sus muros se esconde otro secreto: la tradici\u00f3n de los picapedreros nucieros. La cantera de piedra amarilla situada en La Serreta abasteci\u00f3 durante a\u00f1os a numerosos profesionales que adquirieron gran prestigio fuera del municipio. Fueron reclamados para trabajar en canteras de Catalu\u00f1a o Murcia y participaron en obras emblem\u00e1ticas de la provincia.<\/p>  <p>Entre ellas, la fachada del Teatro Principal de Alicante y las escaleras del Instituto Jorge Juan, dos iconos patrimoniales realizados con la maestr\u00eda de aquellos artesanos nucieros.<\/p>  <p>La visita escolar no es est\u00e1tica. Con la pr\u00f3xima apertura del Museo Etnol\u00f3gico y de la Festa, ubicado en la plaza dentro del itinerario habitual, la gu\u00eda did\u00e1ctica se actualizar\u00e1 para incorporar este nuevo recurso. Ser\u00e1 una herramienta m\u00e1s para profundizar en la identidad local.<\/p>  <p>De hecho, la actividad tiene tanto atractivo que trasciende el \u00e1mbito escolar. Pastor recuerda la an\u00e9cdota de un matrimonio de Ciutadella (Menorca) que, al encontrarse con uno de los grupos, decidi\u00f3 sumarse a la visita y participar activamente, formulando preguntas como un alumno m\u00e1s.<\/p>  <p>Y el futuro promete a\u00f1adir a\u00fan m\u00e1s inter\u00e9s. El casco antiguo est\u00e1 atravesado por una galer\u00eda subterr\u00e1nea construida para llevar agua a Benidorm, desde Porvilla hasta la Favara. Su puesta en valor formar\u00e1 parte de la Ruta del Agua y permitir\u00e1 unir patrimonio, cultura y una dosis de aventura.<\/p>  <p>En definitiva, estas visitas demuestran que conocer el pasado no es un ejercicio nost\u00e1lgico, sino una herramienta para comprender el presente y construir el futuro. Porque, como queda claro en esta conversaci\u00f3n en \u2018A Vivir Benidorm\u2019, el casco hist\u00f3rico de La Nuc\u00eda no solo se recorre: se descubre, se interpreta y, sobre todo, se vive.<\/p> ","protected":false},"excerpt":{"rendered":"<p>Enric Pastor gu\u00eda a los escolares por el casco hist\u00f3rico para entender su origen, tradiciones y secretos patrimoniales <\/p>\n","protected":false},"author":0,"featured_media":22759,"comment_status":"","ping_status":"open","sticky":false,"template":"","format":"standard","meta":{"_acf_changed":false,"footnotes":""},"categories":[1],"tags":[],"class_list":["post-22758","post","type-post","status-publish","format-standard","has-post-thumbnail","hentry","category-sin-categoria"],"acf":{"ser_id":"WKOJFKD2J5A6FHGNAHPSUDH7NM","ser_url":"https:\/\/cadenaser.com\/comunitat-valenciana\/2026\/02\/25\/la-nucia-se-descubre-desde-las-aulas-radio-benidorm\/"},"_links":{"self":[{"href":"https:\/\/serbenidorm.daliisolutions.com\/index.php\/wp-json\/wp\/v2\/posts\/22758","targetHints":{"allow":["GET"]}}],"collection":[{"href":"https:\/\/serbenidorm.daliisolutions.com\/index.php\/wp-json\/wp\/v2\/posts"}],"about":[{"href":"https:\/\/serbenidorm.daliisolutions.com\/index.php\/wp-json\/wp\/v2\/types\/post"}],"replies":[{"embeddable":true,"href":"https:\/\/serbenidorm.daliisolutions.com\/index.php\/wp-json\/wp\/v2\/comments?post=22758"}],"version-history":[{"count":0,"href":"https:\/\/serbenidorm.daliisolutions.com\/index.php\/wp-json\/wp\/v2\/posts\/22758\/revisions"}],"wp:featuredmedia":[{"embeddable":true,"href":"https:\/\/serbenidorm.daliisolutions.com\/index.php\/wp-json\/wp\/v2\/media\/22759"}],"wp:attachment":[{"href":"https:\/\/serbenidorm.daliisolutions.com\/index.php\/wp-json\/wp\/v2\/media?parent=22758"}],"wp:term":[{"taxonomy":"category","embeddable":true,"href":"https:\/\/serbenidorm.daliisolutions.com\/index.php\/wp-json\/wp\/v2\/categories?post=22758"},{"taxonomy":"post_tag","embeddable":true,"href":"https:\/\/serbenidorm.daliisolutions.com\/index.php\/wp-json\/wp\/v2\/tags?post=22758"}],"curies":[{"name":"wp","href":"https:\/\/api.w.org\/{rel}","templated":true}]}}