{"id":2276,"date":"2024-02-12T13:14:58","date_gmt":"2024-02-12T12:14:58","guid":{"rendered":"https:\/\/serbenidorm.daliisolutions.com\/index.php\/2024\/02\/12\/el-tm-benidorm-se-deja-los-dos-puntos-en-un-mal-partido-en-leon\/"},"modified":"2024-02-12T13:14:58","modified_gmt":"2024-02-12T12:14:58","slug":"el-tm-benidorm-se-deja-los-dos-puntos-en-un-mal-partido-en-leon","status":"publish","type":"post","link":"https:\/\/serbenidorm.daliisolutions.com\/index.php\/2024\/02\/12\/el-tm-benidorm-se-deja-los-dos-puntos-en-un-mal-partido-en-leon\/","title":{"rendered":"El TM Benidorm se deja los dos puntos en un mal partido en Le\u00f3n"},"content":{"rendered":"  <p>Benidorm<\/p>   <p>Un TM Benidorm muy desdibujado durante toda la primera mitad y buena parte de la segunda no fue rival para un <a href=\"https:\/\/cadenaser.com\/comunitat-valenciana\/2024\/02\/09\/el-tm-benidorm-afronta-el-gran-examen-de-ademar-de-leon-radio-benidorm\/\" target=\"_blank\" rel=\"noopener\">Ademar de Le\u00f3n<\/a> que salt\u00f3 mucho m\u00e1s enchufado a la pista y se acab\u00f3 llevando el choque correspondiente a la 17\u00aa jornada de la <a href=\"https:\/\/cadenaser.com\/tag\/liga_asobal\/a\/\" target=\"_blank\" rel=\"noopener\">Liga Asobal<\/a> por 37-32, adelantando as\u00ed a los benidormenses en la clasificaci\u00f3n, en la que el equipo del Palau d\u2019Esports es ahora noveno con 16 puntos.<\/p>   <p>El <a href=\"https:\/\/cadenaser.com\/tag\/club_balonmano_benidorm\/a\/\" target=\"_blank\" rel=\"noopener\">TM Benidorm<\/a> s\u00f3lo pudo frenar el empuje local durante los cinco primeros minutos del choque apoyado en un muy buen papel defensivo del montenegrino Filip Vujovic que, pese a todo, no pudo parar a la dupla local formada por Juan Carstro y Miguel Moreira, que se convirtieron en una aut\u00e9ntica pesadilla para los de Carballeira.<\/p>  <p><p>M\u00e1s informaci\u00f3n<\/p><figure><img decoding=\"async\" src=\"https:\/\/cadenaser.com\/resizer\/DhNbOFcXO6wd-4cpiKjwdiLg2WI=\/650x366\/filters:quality(70)\/cloudfront-eu-central-1.images.arcpublishing.com\/prisaradio\/YFQXBBNX3VHL3HVPEPIG4WJ6FE.jpeg\" loading=\"lazy\" width=\"828\" height=\"621\" \/><\/figure><ul><li><a href=\"https:\/\/cadenaser.com\/comunitat-valenciana\/2023\/09\/05\/todos-los-partidos-los-horarios-y-los-resultados-del-tm-benidorm-2023-2024-radio-benidorm\/\">Todos los partidos, los horarios y los resultados del TM Benidorm 2023-2024<\/a><\/li><\/ul><\/p>   <p>As\u00ed, y sin que las distintas variantes que trataba de introducir el t\u00e9cnico gallego dieran su fruto, el TM Benidorm acabar\u00eda llegando al descanso ocho tantos por detr\u00e1s en el marcador (19-11). En la segunda mitad, apareci\u00f3 el de siempre, Nacho Valles, pero tampoco su buena aportaci\u00f3n fue suficiente para revertir la sangr\u00eda que estaban sufriendo los benidormenses.<\/p>   <p>No fue hasta la recta final del choque cuando Valles y Ram\u00edrez lideraron una buena reacci\u00f3n de los visitantes, haciendo creer al equipo en la remontada, pero ya no quedaba tiempo material para hacerlo, teniendo que confirmarse con ese marcador final de 37-32.<\/p> ","protected":false},"excerpt":{"rendered":"<p>Los de Sergio Carballeira s\u00f3lo reaccionaron en la parte final, pero no fue suficiente para darle la vuelta al choque<\/p>\n","protected":false},"author":0,"featured_media":2277,"comment_status":"open","ping_status":"open","sticky":false,"template":"","format":"standard","meta":{"_acf_changed":false,"footnotes":""},"categories":[16],"tags":[],"class_list":["post-2276","post","type-post","status-publish","format-standard","has-post-thumbnail","hentry","category-deportes"],"acf":{"ser_id":"2O4KMXIOCZEH7JW3XH7OK46Y5M","ser_url":"https:\/\/cadenaser.com\/comunitat-valenciana\/2024\/02\/12\/el-tm-benidorm-se-deja-los-dos-puntos-en-un-mal-partido-en-leon-radio-benidorm\/"},"_links":{"self":[{"href":"https:\/\/serbenidorm.daliisolutions.com\/index.php\/wp-json\/wp\/v2\/posts\/2276","targetHints":{"allow":["GET"]}}],"collection":[{"href":"https:\/\/serbenidorm.daliisolutions.com\/index.php\/wp-json\/wp\/v2\/posts"}],"about":[{"href":"https:\/\/serbenidorm.daliisolutions.com\/index.php\/wp-json\/wp\/v2\/types\/post"}],"replies":[{"embeddable":true,"href":"https:\/\/serbenidorm.daliisolutions.com\/index.php\/wp-json\/wp\/v2\/comments?post=2276"}],"version-history":[{"count":0,"href":"https:\/\/serbenidorm.daliisolutions.com\/index.php\/wp-json\/wp\/v2\/posts\/2276\/revisions"}],"wp:featuredmedia":[{"embeddable":true,"href":"https:\/\/serbenidorm.daliisolutions.com\/index.php\/wp-json\/wp\/v2\/media\/2277"}],"wp:attachment":[{"href":"https:\/\/serbenidorm.daliisolutions.com\/index.php\/wp-json\/wp\/v2\/media?parent=2276"}],"wp:term":[{"taxonomy":"category","embeddable":true,"href":"https:\/\/serbenidorm.daliisolutions.com\/index.php\/wp-json\/wp\/v2\/categories?post=2276"},{"taxonomy":"post_tag","embeddable":true,"href":"https:\/\/serbenidorm.daliisolutions.com\/index.php\/wp-json\/wp\/v2\/tags?post=2276"}],"curies":[{"name":"wp","href":"https:\/\/api.w.org\/{rel}","templated":true}]}}