{"id":22760,"date":"2026-02-25T11:56:04","date_gmt":"2026-02-25T10:56:04","guid":{"rendered":"https:\/\/serbenidorm.daliisolutions.com\/index.php\/2026\/02\/25\/naia-laso-y-taiga-gimeno-preparan-en-la-nucia-el-mundial-de-skate-de-sao-paulo\/"},"modified":"2026-02-25T11:56:04","modified_gmt":"2026-02-25T10:56:04","slug":"naia-laso-y-taiga-gimeno-preparan-en-la-nucia-el-mundial-de-skate-de-sao-paulo","status":"publish","type":"post","link":"https:\/\/serbenidorm.daliisolutions.com\/index.php\/2026\/02\/25\/naia-laso-y-taiga-gimeno-preparan-en-la-nucia-el-mundial-de-skate-de-sao-paulo\/","title":{"rendered":"Naia Laso y Taiga Gimeno preparan en La Nuc\u00eda el Mundial de Skate de S\u00e3o Paulo"},"content":{"rendered":" <p>La skater ol\u00edmpica Naia Laso, cuarta del ranking mundial, y Taiga Gimeno, actualmente en el puesto 35 del ranking internacional, han vuelto a elegir La Nuc\u00eda como lugar de entrenamiento para ultimar su preparaci\u00f3n de cara al Campeonato del Mundo de Street y Park 2025 que se disputar\u00e1 en S\u00e3o Paulo (Brasil) del 4 al 8 de marzo. Ambos realizaron un stage de tres d\u00edas en el Skate Park de la Ciutat Esportiva Camilo Cano, instalaci\u00f3n que es Centro de Tecnificaci\u00f3n de Skate de la Real Federaci\u00f3n Espa\u00f1ola de Patinaje.<\/p>  <p>Las caracter\u00edsticas t\u00e9cnicas del Skate Park de La Nuc\u00eda lo convierten en un espacio id\u00f3neo para preparar competiciones internacionales, ya que presenta un dise\u00f1o muy similar al de los circuitos utilizados en campeonatos del mundo y pruebas de la Copa del Mundo. Por este motivo, la instalaci\u00f3n se ha consolidado como uno de los parques elegidos por la \u00e9lite nacional del skateboarding para concentraciones y entrenamientos oficiales.<\/p>  <p>Naia Laso y Taiga Gimeno entrenaron el pasado fin de semana en la instalaci\u00f3n nuciera bajo la supervisi\u00f3n del seleccionador nacional, Alain Goikoetxea. Ambos deportistas conocen bien esta pista homologada por la federaci\u00f3n espa\u00f1ola, considerada uno de los puntos de referencia para las concentraciones de la selecci\u00f3n espa\u00f1ola.<\/p>  <p>El propio Alain Goikoetxea dio a conocer a finales de enero la lista de convocados para el Mundial de Street y Park 2025, una cita en la que el combinado nacional contar\u00e1 con la mayor participaci\u00f3n de su historia, con nueve riders en la modalidad Park y seis en Street. Del 1 al 3 de marzo se celebrar\u00e1n los entrenamientos oficiales en S\u00e3o Paulo; el 4 y 5 tendr\u00e1n lugar las rondas clasificatorias y del 6 al 8 se disputar\u00e1n las finales. Actualmente, Egoitz Bijueska y Naia Laso ocupan la primera y la cuarta posici\u00f3n, respectivamente, en el ranking de World Skate.<\/p>  <p>La selecci\u00f3n espa\u00f1ola que viajar\u00e1 a Brasil estar\u00e1 integrada en la modalidad Park por Danny Le\u00f3n, Egoitz Bijueska, Alain Kortabitarte, Peio Gonz\u00e1lez, Taiga Gimeno, Naia Laso, Julia Benedetti, Gadea Moja y Cec\u00edlia Rendueles, mientras que en Street competir\u00e1n Daniela Terol, Natalia Mu\u00f1oz, Valentina Krauel, Abbie Burns, Adri\u00e1n Moreno y Daniel Moragues.<\/p> ","protected":false},"excerpt":{"rendered":"<p>Ambas han realizado un \u2018stage\u2019 de tres d\u00edas en el Skate Park de la Ciutat Esportiva Camilo Cano antes de viajar a Brasil<\/p>\n","protected":false},"author":0,"featured_media":22761,"comment_status":"","ping_status":"open","sticky":false,"template":"","format":"standard","meta":{"_acf_changed":false,"footnotes":""},"categories":[16],"tags":[],"class_list":["post-22760","post","type-post","status-publish","format-standard","has-post-thumbnail","hentry","category-deportes"],"acf":{"ser_id":"CZWS3CBKLFBYVJGPIJCB2YGY5A","ser_url":"https:\/\/cadenaser.com\/comunitat-valenciana\/2026\/02\/25\/naia-laso-y-taiga-gimeno-preparan-en-la-nucia-el-mundial-de-skate-de-sao-paulo-radio-benidorm\/"},"_links":{"self":[{"href":"https:\/\/serbenidorm.daliisolutions.com\/index.php\/wp-json\/wp\/v2\/posts\/22760","targetHints":{"allow":["GET"]}}],"collection":[{"href":"https:\/\/serbenidorm.daliisolutions.com\/index.php\/wp-json\/wp\/v2\/posts"}],"about":[{"href":"https:\/\/serbenidorm.daliisolutions.com\/index.php\/wp-json\/wp\/v2\/types\/post"}],"replies":[{"embeddable":true,"href":"https:\/\/serbenidorm.daliisolutions.com\/index.php\/wp-json\/wp\/v2\/comments?post=22760"}],"version-history":[{"count":0,"href":"https:\/\/serbenidorm.daliisolutions.com\/index.php\/wp-json\/wp\/v2\/posts\/22760\/revisions"}],"wp:featuredmedia":[{"embeddable":true,"href":"https:\/\/serbenidorm.daliisolutions.com\/index.php\/wp-json\/wp\/v2\/media\/22761"}],"wp:attachment":[{"href":"https:\/\/serbenidorm.daliisolutions.com\/index.php\/wp-json\/wp\/v2\/media?parent=22760"}],"wp:term":[{"taxonomy":"category","embeddable":true,"href":"https:\/\/serbenidorm.daliisolutions.com\/index.php\/wp-json\/wp\/v2\/categories?post=22760"},{"taxonomy":"post_tag","embeddable":true,"href":"https:\/\/serbenidorm.daliisolutions.com\/index.php\/wp-json\/wp\/v2\/tags?post=22760"}],"curies":[{"name":"wp","href":"https:\/\/api.w.org\/{rel}","templated":true}]}}