{"id":22767,"date":"2026-02-25T12:35:53","date_gmt":"2026-02-25T11:35:53","guid":{"rendered":"https:\/\/serbenidorm.daliisolutions.com\/index.php\/2026\/02\/25\/falu-quirelli-el-equipo-quiere-luchar-por-algo-grande\/"},"modified":"2026-02-25T12:35:53","modified_gmt":"2026-02-25T11:35:53","slug":"falu-quirelli-el-equipo-quiere-luchar-por-algo-grande","status":"publish","type":"post","link":"https:\/\/serbenidorm.daliisolutions.com\/index.php\/2026\/02\/25\/falu-quirelli-el-equipo-quiere-luchar-por-algo-grande\/","title":{"rendered":"\u2018Falu\u2019 Quirelli: \u201cEl equipo quiere luchar por algo grande\u201d"},"content":{"rendered":" <p>La soleada tarde del domingo en El Pantano dej\u00f3 algo m\u00e1s que color en la piel de los aficionados. Dej\u00f3 tambi\u00e9n la satisfacci\u00f3n del deber cumplido. El Huesitos La Vila certific\u00f3 por la v\u00eda r\u00e1pida su permanencia en la Divisi\u00f3n de Honor del rugby nacional y puso el broche al primer gran objetivo de la temporada. En SER Deportivos Marina Baixa lo analizamos con su entrenador, Hern\u00e1n \u2018Falu\u2019 Querelli, apenas 24 horas despu\u00e9s de una victoria que vale mucho m\u00e1s que cuatro puntos.<\/p>  <p>Porque conviene no perder la perspectiva. Cuando arranc\u00f3 el curso, el mensaje era claro: asegurar la salvaci\u00f3n. Nada m\u00e1s. Nada menos. Y no era, como record\u00f3 el t\u00e9cnico, una meta sencilla. La exigencia de la m\u00e1xima categor\u00eda, la igualdad creciente y el desgaste f\u00edsico y mental convierten cada temporada en una carrera de fondo. Por eso, aunque el equipo ha ido tan bien que casi parece natural estar entre los seis primeros, el logro tiene un enorme m\u00e9rito.<\/p>  <p>El encuentro del domingo fue, adem\u00e1s, una prueba de car\u00e1cter. El Huesitos La Vila dominaba, ten\u00eda la posesi\u00f3n, marcaba el ritmo\u2026 pero en dos acciones casi consecutivas el rival golpe\u00f3 con eficacia quir\u00fargica. En apenas siete minutos, el marcador reflejaba un 0-12 que hizo aparecer los fantasmas. Otra vez la sensaci\u00f3n de que todo lo que pod\u00eda salir mal, sal\u00eda mal.<\/p>  <p>Querelli lo explic\u00f3 con claridad en los micr\u00f3fonos de la radio: el rival hab\u00eda sido estudiado al detalle y precisamente esas transiciones r\u00e1pidas y su capacidad para castigar errores eran sus principales fortalezas. Lo que estaba pasando entraba dentro de lo previsto, pero vivirlo sobre el c\u00e9sped es otra historia.<\/p>  <p>Ah\u00ed emergi\u00f3 la madurez del grupo. Sin necesidad de grandes discursos desde el banquillo, los propios jugadores se juntaron, hablaron y ajustaron detalles. Mantuvieron el plan, reforzaron la concentraci\u00f3n y lograron revertir un escenario que no pintaba nada sencillo. Esa reacci\u00f3n dice mucho de un vestuario que ha crecido a lo largo del a\u00f1o.<\/p>  <p>Con la permanencia asegurada y el equipo clasificado entre los seis mejores, ahora comienza la segunda fase. Se arrastran los puntos y el reto pasa por terminar entre los cuatro primeros para disputar los cuartos de final en casa, en El Pantano, ante la afici\u00f3n.<\/p>  <p>El calendario no ser\u00e1 c\u00f3modo: cinco partidos, dos en casa (Cisneros y Alcobendas) y tres fuera, con desplazamientos exigentes ante los dos grandes dominadores de la liga y una \u00faltima jornada que puede ser decisiva. Pero el mensaje del entrenador es claro: sin presi\u00f3n a\u00f1adida, pero sin renunciar a nada.<\/p>  <p>Y es que jugar con el objetivo principal ya en el bolsillo puede convertirse en una ventaja competitiva. La tensi\u00f3n por evitar el descenso desaparece y deja paso a la ambici\u00f3n pura. El grupo, record\u00f3 \u2018Falu\u2019, qued\u00f3 tocado tras caer en semifinales de Copa. Eso habla de un equipo que no se conforma.<\/p>  <p>La conversaci\u00f3n tuvo tambi\u00e9n un gui\u00f1o a la historia. Se cumplen quince a\u00f1os y unos d\u00edas de aquel t\u00edtulo de liga conquistado en 2011. Un recuerdo que forma parte del ADN del club y que sirve como inspiraci\u00f3n. No como presi\u00f3n externa, sino como referencia de que en La Vila se puede aspirar a grandes cosas.<\/p>  <p>El t\u00e9cnico fue prudente, como siempre. No quiso hacer pron\u00f3sticos a largo plazo. Pero s\u00ed dej\u00f3 una idea potente: ahora el equipo puede soltarse, mostrar su mejor versi\u00f3n y competir con la tranquilidad de saber que el trabajo estructural est\u00e1 hecho.<\/p>  <p>La pr\u00f3xima cita ser\u00e1 de nuevo en El Pantano, ante Cisneros, para abrir esa segunda fase. Ser\u00e1 el momento de comprobar si la liberaci\u00f3n mental se traduce en un salto competitivo. Lo que est\u00e1 claro es que la temporada ya es notable y que este grupo ha demostrado resiliencia, compromiso y ambici\u00f3n.<\/p> ","protected":false},"excerpt":{"rendered":"<p>El entrenador del Huesitos La Vila afronta con mucha ambici\u00f3n la fase decisiva de la competici\u00f3n<\/p>\n","protected":false},"author":0,"featured_media":22768,"comment_status":"","ping_status":"open","sticky":false,"template":"","format":"standard","meta":{"_acf_changed":false,"footnotes":""},"categories":[16],"tags":[],"class_list":["post-22767","post","type-post","status-publish","format-standard","has-post-thumbnail","hentry","category-deportes"],"acf":{"ser_id":"BIRDPWKXBBC2ZNPO4U7USZINLE","ser_url":"https:\/\/cadenaser.com\/comunitat-valenciana\/2026\/02\/25\/falu-quirelli-el-equipo-quiere-luchar-por-algo-grande-radio-benidorm\/"},"_links":{"self":[{"href":"https:\/\/serbenidorm.daliisolutions.com\/index.php\/wp-json\/wp\/v2\/posts\/22767","targetHints":{"allow":["GET"]}}],"collection":[{"href":"https:\/\/serbenidorm.daliisolutions.com\/index.php\/wp-json\/wp\/v2\/posts"}],"about":[{"href":"https:\/\/serbenidorm.daliisolutions.com\/index.php\/wp-json\/wp\/v2\/types\/post"}],"replies":[{"embeddable":true,"href":"https:\/\/serbenidorm.daliisolutions.com\/index.php\/wp-json\/wp\/v2\/comments?post=22767"}],"version-history":[{"count":0,"href":"https:\/\/serbenidorm.daliisolutions.com\/index.php\/wp-json\/wp\/v2\/posts\/22767\/revisions"}],"wp:featuredmedia":[{"embeddable":true,"href":"https:\/\/serbenidorm.daliisolutions.com\/index.php\/wp-json\/wp\/v2\/media\/22768"}],"wp:attachment":[{"href":"https:\/\/serbenidorm.daliisolutions.com\/index.php\/wp-json\/wp\/v2\/media?parent=22767"}],"wp:term":[{"taxonomy":"category","embeddable":true,"href":"https:\/\/serbenidorm.daliisolutions.com\/index.php\/wp-json\/wp\/v2\/categories?post=22767"},{"taxonomy":"post_tag","embeddable":true,"href":"https:\/\/serbenidorm.daliisolutions.com\/index.php\/wp-json\/wp\/v2\/tags?post=22767"}],"curies":[{"name":"wp","href":"https:\/\/api.w.org\/{rel}","templated":true}]}}