{"id":22772,"date":"2026-02-25T14:06:03","date_gmt":"2026-02-25T13:06:03","guid":{"rendered":"https:\/\/serbenidorm.daliisolutions.com\/index.php\/2026\/02\/25\/la-nucia-acoge-la-primera-prueba-del-campeonato-de-espana-de-trial-2026\/"},"modified":"2026-02-25T14:06:03","modified_gmt":"2026-02-25T13:06:03","slug":"la-nucia-acoge-la-primera-prueba-del-campeonato-de-espana-de-trial-2026","status":"publish","type":"post","link":"https:\/\/serbenidorm.daliisolutions.com\/index.php\/2026\/02\/25\/la-nucia-acoge-la-primera-prueba-del-campeonato-de-espana-de-trial-2026\/","title":{"rendered":"La Nuc\u00eda acoge la primera prueba del Campeonato de Espa\u00f1a de Trial 2026"},"content":{"rendered":" <p>La Nuc\u00eda albergar\u00e1 este domingo 1 de marzo la primera prueba puntuable del Campeonato de Espa\u00f1a de Trial 2026, en la que participar\u00e1n 152 pilotos. Entre ellos destaca la presencia de Berta Abell\u00e1n, campeona del mundo de Trial 2025 en la categor\u00eda WomenGP. La entrada para el p\u00fablico ser\u00e1 gratuita.<\/p>  <p>Ser\u00e1 la duod\u00e9cima ocasi\u00f3n en la que La Nuc\u00eda ejerza como sede del Campeonato de Espa\u00f1a de Trial, cuya primera edici\u00f3n en el municipio se celebr\u00f3 en 2006. En la presentaci\u00f3n oficial participaron Salva Aguado, delegado de Trial de la Federaci\u00f3n de Motociclismo de la Comunitat Valenciana; Juan Jos\u00e9 Gonz\u00e1lez, presidente del Club Off Road La Nuc\u00eda; Jos\u00e9 Luis Berenguer, presidente de la Federaci\u00f3n de Motociclismo de la Comunitat Valenciana; y el alcalde de La Nuc\u00eda, Bernab\u00e9 Cano.<\/p>  <p>La prueba est\u00e1 organizada por la Real Federaci\u00f3n Espa\u00f1ola de Motociclismo, la Federaci\u00f3n de Motociclismo de la Comunidad Valenciana y el Club Off Road La Nuc\u00eda, con la colaboraci\u00f3n del Consejo Superior de Deportes, la Diputaci\u00f3n de Alicante, la Generalitat Valenciana, la Fundaci\u00f3n Trinidad Alfonso y el Ayuntamiento de La Nuc\u00eda.<\/p>  <p>Esta cita de 2026 ser\u00e1 la primera puntuable del calendario nacional y contar\u00e1 con las categor\u00edas TR2, TR3, TR4, TR5 A, TR5 B, Junior, Cadete 125cc, Cadete (Copa), Femenino TR1, Femenino TR2, Juvenil A, Juvenil B, Veterano A y Veterano B.<\/p>  <p>La competici\u00f3n arrancar\u00e1 el domingo a las 9:00 horas y se desarrollar\u00e1 en dos \u00e1reas diferenciadas, con un total de 10 zonas en cada una, que los pilotos deber\u00e1n completar en dos vueltas. La primera \u00e1rea, denominada \u201cMol\u00ed\u201d, acoger\u00e1 las categor\u00edas TR5, juvenil, veteranos y f\u00e9minas. La segunda, \u201cSerreta\u201d, de mayor exigencia t\u00e9cnica, estar\u00e1 destinada a las categor\u00edas TR2, TR3, TR4, Junior y Cadete.<\/p>  <p>El paddock se abrir\u00e1 el viernes a las 15:00 horas en el parking del Pabell\u00f3n Muixara. El s\u00e1bado 28 de febrero se celebrar\u00e1n las verificaciones y entrenamientos oficiales, y a las 18:00 horas tendr\u00e1 lugar la rueda de prensa oficial del campeonato con la participaci\u00f3n, adem\u00e1s de Berta Abell\u00e1n, de Marc Piquer, Mar\u00eda L\u00f3pez, Abril Montserrat y Ga\u00ebl Hern\u00e1ndez.<\/p> ","protected":false},"excerpt":{"rendered":"<p>La Ciutat Esportiva ser\u00e1 escenario este domingo de una prueba con 152 inscritos<\/p>\n","protected":false},"author":0,"featured_media":22773,"comment_status":"","ping_status":"open","sticky":false,"template":"","format":"standard","meta":{"_acf_changed":false,"footnotes":""},"categories":[16],"tags":[],"class_list":["post-22772","post","type-post","status-publish","format-standard","has-post-thumbnail","hentry","category-deportes"],"acf":{"ser_id":"LUJROVTH3RBQDM2XYT4ZLJYAEI","ser_url":"https:\/\/cadenaser.com\/comunitat-valenciana\/2026\/02\/25\/la-nucia-acoge-la-primera-prueba-del-campeonato-de-espana-de-trial-2026-radio-benidorm\/"},"_links":{"self":[{"href":"https:\/\/serbenidorm.daliisolutions.com\/index.php\/wp-json\/wp\/v2\/posts\/22772","targetHints":{"allow":["GET"]}}],"collection":[{"href":"https:\/\/serbenidorm.daliisolutions.com\/index.php\/wp-json\/wp\/v2\/posts"}],"about":[{"href":"https:\/\/serbenidorm.daliisolutions.com\/index.php\/wp-json\/wp\/v2\/types\/post"}],"replies":[{"embeddable":true,"href":"https:\/\/serbenidorm.daliisolutions.com\/index.php\/wp-json\/wp\/v2\/comments?post=22772"}],"version-history":[{"count":0,"href":"https:\/\/serbenidorm.daliisolutions.com\/index.php\/wp-json\/wp\/v2\/posts\/22772\/revisions"}],"wp:featuredmedia":[{"embeddable":true,"href":"https:\/\/serbenidorm.daliisolutions.com\/index.php\/wp-json\/wp\/v2\/media\/22773"}],"wp:attachment":[{"href":"https:\/\/serbenidorm.daliisolutions.com\/index.php\/wp-json\/wp\/v2\/media?parent=22772"}],"wp:term":[{"taxonomy":"category","embeddable":true,"href":"https:\/\/serbenidorm.daliisolutions.com\/index.php\/wp-json\/wp\/v2\/categories?post=22772"},{"taxonomy":"post_tag","embeddable":true,"href":"https:\/\/serbenidorm.daliisolutions.com\/index.php\/wp-json\/wp\/v2\/tags?post=22772"}],"curies":[{"name":"wp","href":"https:\/\/api.w.org\/{rel}","templated":true}]}}