{"id":2280,"date":"2024-02-12T13:15:00","date_gmt":"2024-02-12T12:15:00","guid":{"rendered":"https:\/\/serbenidorm.daliisolutions.com\/index.php\/2024\/02\/12\/el-huesitos-la-vila-vence-en-casa-y-se-coloca-en-puestos-de-pelear-por-el-ascenso\/"},"modified":"2024-02-12T13:15:00","modified_gmt":"2024-02-12T12:15:00","slug":"el-huesitos-la-vila-vence-en-casa-y-se-coloca-en-puestos-de-pelear-por-el-ascenso","status":"publish","type":"post","link":"https:\/\/serbenidorm.daliisolutions.com\/index.php\/2024\/02\/12\/el-huesitos-la-vila-vence-en-casa-y-se-coloca-en-puestos-de-pelear-por-el-ascenso\/","title":{"rendered":"El Huesitos-La Vila vence en casa y se coloca en puestos de pelear por el ascenso"},"content":{"rendered":"  <p>Benidorm<\/p>   <p>Tras <a href=\"https:\/\/cadenaser.com\/comunitat-valenciana\/2024\/01\/29\/el-huesitos-la-vila-sufre-su-primer-tropiezo-del-ano-ante-el-liceo-frances-radio-benidorm\/\" target=\"_blank\" rel=\"noopener\">el tropiezo sufrido en el primer partido de la fase \u00c9lite de la Divisi\u00f3n de Honor B<\/a> del rugby espa\u00f1ol y haber disfrutado de su jornada de descanso, el <a href=\"https:\/\/cadenaser.com\/tag\/club_rugby_la_vila\/a\/\" target=\"_blank\" rel=\"noopener\">Huesitos-La Vila<\/a> reaparec\u00eda en su estadio de El Pantano con la obligaci\u00f3n de imponerse a un viejo conocido, el Val\u00e8ncia Rugby Club, para seguir vivo en la pelea por terminar esta fase de la competici\u00f3n entre los cuatro primeros y, de esta manera, luchar por regresar el pr\u00f3ximo a\u00f1o a la m\u00e1xima categor\u00eda.<\/p>   <p>En un domingo desapacible el Huesitos-La Vila ha conseguido la primera victoria en su segundo partido de la fase \u00e9lite, el primero en casa frente a un duro y buen equipo como el Val\u00e9ncia que aun yendo por debajo del marcador en todo momento ha luchado sin cesar durante todo el encuentro y ha hecho que los locales tuvieran que emplearse a tope siempre.<\/p>   <p>Tras sumar cinco puntos el XV chocolatero pasa de la posici\u00f3n de colista a la cuarta plaza a s\u00f3lo una semana de visitar el Polideportivo Errekalde para v\u00e9rselas con el Universitario Bilbao, que encadena una racha de dos partidos consecutivos perdidos que los vileros intentar\u00e1n alargar.<\/p> ","protected":false},"excerpt":{"rendered":"<p>El XV chocolatero se sit\u00faa ya en la cuarta posici\u00f3n de la clasificaci\u00f3n con un partido menos que sus rivales<\/p>\n","protected":false},"author":0,"featured_media":2281,"comment_status":"open","ping_status":"open","sticky":false,"template":"","format":"standard","meta":{"_acf_changed":false,"footnotes":""},"categories":[16],"tags":[],"class_list":["post-2280","post","type-post","status-publish","format-standard","has-post-thumbnail","hentry","category-deportes"],"acf":{"ser_id":"F546VLWQIBDPXKNSDYK3HJ3LTI","ser_url":"https:\/\/cadenaser.com\/comunitat-valenciana\/2024\/02\/12\/el-huesitos-la-vila-vence-en-casa-y-se-coloca-en-puestos-de-pelear-por-el-ascenso-radio-benidorm\/"},"_links":{"self":[{"href":"https:\/\/serbenidorm.daliisolutions.com\/index.php\/wp-json\/wp\/v2\/posts\/2280","targetHints":{"allow":["GET"]}}],"collection":[{"href":"https:\/\/serbenidorm.daliisolutions.com\/index.php\/wp-json\/wp\/v2\/posts"}],"about":[{"href":"https:\/\/serbenidorm.daliisolutions.com\/index.php\/wp-json\/wp\/v2\/types\/post"}],"replies":[{"embeddable":true,"href":"https:\/\/serbenidorm.daliisolutions.com\/index.php\/wp-json\/wp\/v2\/comments?post=2280"}],"version-history":[{"count":0,"href":"https:\/\/serbenidorm.daliisolutions.com\/index.php\/wp-json\/wp\/v2\/posts\/2280\/revisions"}],"wp:featuredmedia":[{"embeddable":true,"href":"https:\/\/serbenidorm.daliisolutions.com\/index.php\/wp-json\/wp\/v2\/media\/2281"}],"wp:attachment":[{"href":"https:\/\/serbenidorm.daliisolutions.com\/index.php\/wp-json\/wp\/v2\/media?parent=2280"}],"wp:term":[{"taxonomy":"category","embeddable":true,"href":"https:\/\/serbenidorm.daliisolutions.com\/index.php\/wp-json\/wp\/v2\/categories?post=2280"},{"taxonomy":"post_tag","embeddable":true,"href":"https:\/\/serbenidorm.daliisolutions.com\/index.php\/wp-json\/wp\/v2\/tags?post=2280"}],"curies":[{"name":"wp","href":"https:\/\/api.w.org\/{rel}","templated":true}]}}