{"id":22819,"date":"2026-02-26T17:16:00","date_gmt":"2026-02-26T16:16:00","guid":{"rendered":"https:\/\/serbenidorm.daliisolutions.com\/index.php\/2026\/02\/26\/benidorm-busca-aumentar-sus-zonas-verdes-un-30-en-cinco-anos\/"},"modified":"2026-02-26T17:16:00","modified_gmt":"2026-02-26T16:16:00","slug":"benidorm-busca-aumentar-sus-zonas-verdes-un-30-en-cinco-anos","status":"publish","type":"post","link":"https:\/\/serbenidorm.daliisolutions.com\/index.php\/2026\/02\/26\/benidorm-busca-aumentar-sus-zonas-verdes-un-30-en-cinco-anos\/","title":{"rendered":"Benidorm busca aumentar sus zonas verdes un 30% en cinco a\u00f1os"},"content":{"rendered":" <p>El Ayuntamiento de Benidorm ha presentado este jueves nuevo servicio de conservaci\u00f3n, mantenimiento y limpieza de zonas verdes gestionado por Act\u00faa. El servicio, que ya se encuentra plenamente operativo, supone \u00abun paso adelante en la consolidaci\u00f3n de una infraestructura verde m\u00e1s eficiente, resiliente y adaptada a los retos clim\u00e1ticos del futuro\u00bb.<\/p>  <p><a href=\"https:\/\/cadenaser.com\/tag\/benidorm\/a\/\" target=\"_blank\" rel=\"nofollow\" title=\"https:\/\/cadenaser.com\/tag\/benidorm\/a\/\">El director t\u00e9cnico de Act\u00faa, Daniel Puchol, y la jefa de grupo, Ruth Vel\u00e1zquez, han acompa\u00f1ado al alcalde de Benidorm, Toni P\u00e9rez, y al concejal de Parques y Jardines, Jos\u00e9 Ram\u00f3n Gonz\u00e1lez de Z\u00e1rate, en la presentaci\u00f3n del servicio<\/a>.<\/p>  <p>Benidorm cuenta con cerca de 42.000 \u00e1rboles y m\u00e1s de un mill\u00f3n y medio de metros cuadrados de parques y jardines. El nuevo servicio contempla un incremento del 30% de la superficie verde del municipio \u00abjunto con una estrategia de naturalizaci\u00f3n urbana orientada a mejorar la calidad ambiental y el bienestar ciudadano\u00bb.<\/p>  <p>Entre las principales actuaciones destacan el cuidado de jardines verticales, cubiertas vegetales y nuevas composiciones florales \u00abque aportar\u00e1n color, frescura y biodiversidad a distintos espacios urbanos\u00bb. Asimismo, se fomentar\u00e1 la introducci\u00f3n de especies aut\u00f3ctonas adaptadas al clima mediterr\u00e1neo, \u00abfavoreciendo la resiliencia del ecosistema urbano y reduciendo las necesidades h\u00eddricas\u00bb.<\/p>  <p>El contrato incluye adem\u00e1s la renovaci\u00f3n de la flota y la maquinaria con veh\u00edculos ECO y equipos el\u00e9ctricos que contribuyen a reducir la huella de carbono y las emisiones contaminantes, al tiempo que promueve la conectividad ecol\u00f3gica entre espacios naturales y urbanos, consolidando una infraestructura verde m\u00e1s resiliente y preparada frente al cambio clim\u00e1tico. <\/p>  <p>El equipo humano est\u00e1 integrado por 35 profesionales que ya desarrollan su labor en el municipio y que han recibido formaci\u00f3n espec\u00edfica en prevenci\u00f3n de riesgos laborales y sensibilizaci\u00f3n medioambiental, garantizando as\u00ed un servicio seguro, cualificado y alineado con los criterios de sostenibilidad del contrato. <\/p>  <p>Adem\u00e1s, el servicio incorpora una vertiente de comunicaci\u00f3n y participaci\u00f3n ciudadana con la creaci\u00f3n de los perfiles oficiales de la concejal\u00eda de Parques y Jardines en Facebook e Instagram bajo el nombre @BenidormVerdeesVida, que funcionan como canal directo para dar visibilidad a los trabajos de conservaci\u00f3n, plantaci\u00f3n y embellecimiento, as\u00ed como para difundir informaci\u00f3n y consejos sobre sostenibilidad y biodiversidad. <\/p> ","protected":false},"excerpt":{"rendered":"<p>Act\u00faa se vuele a hacer cargo del nuevo contrato de Parques y Jardines por m\u00e1s de diez millones de euros<\/p>\n","protected":false},"author":0,"featured_media":22820,"comment_status":"","ping_status":"open","sticky":false,"template":"","format":"standard","meta":{"_acf_changed":false,"footnotes":""},"categories":[1],"tags":[],"class_list":["post-22819","post","type-post","status-publish","format-standard","has-post-thumbnail","hentry","category-sin-categoria"],"acf":{"ser_id":"M2DHZZNQWBHWNHBRSMVRUG4I5Q","ser_url":"https:\/\/cadenaser.com\/comunitat-valenciana\/2026\/02\/26\/benidorm-busca-aumentar-sus-zonas-verdes-un-30-en-cinco-anos-radio-benidorm\/"},"_links":{"self":[{"href":"https:\/\/serbenidorm.daliisolutions.com\/index.php\/wp-json\/wp\/v2\/posts\/22819","targetHints":{"allow":["GET"]}}],"collection":[{"href":"https:\/\/serbenidorm.daliisolutions.com\/index.php\/wp-json\/wp\/v2\/posts"}],"about":[{"href":"https:\/\/serbenidorm.daliisolutions.com\/index.php\/wp-json\/wp\/v2\/types\/post"}],"replies":[{"embeddable":true,"href":"https:\/\/serbenidorm.daliisolutions.com\/index.php\/wp-json\/wp\/v2\/comments?post=22819"}],"version-history":[{"count":0,"href":"https:\/\/serbenidorm.daliisolutions.com\/index.php\/wp-json\/wp\/v2\/posts\/22819\/revisions"}],"wp:featuredmedia":[{"embeddable":true,"href":"https:\/\/serbenidorm.daliisolutions.com\/index.php\/wp-json\/wp\/v2\/media\/22820"}],"wp:attachment":[{"href":"https:\/\/serbenidorm.daliisolutions.com\/index.php\/wp-json\/wp\/v2\/media?parent=22819"}],"wp:term":[{"taxonomy":"category","embeddable":true,"href":"https:\/\/serbenidorm.daliisolutions.com\/index.php\/wp-json\/wp\/v2\/categories?post=22819"},{"taxonomy":"post_tag","embeddable":true,"href":"https:\/\/serbenidorm.daliisolutions.com\/index.php\/wp-json\/wp\/v2\/tags?post=22819"}],"curies":[{"name":"wp","href":"https:\/\/api.w.org\/{rel}","templated":true}]}}