{"id":2282,"date":"2024-02-12T13:15:00","date_gmt":"2024-02-12T12:15:00","guid":{"rendered":"https:\/\/serbenidorm.daliisolutions.com\/index.php\/2024\/02\/12\/felipe-orts-cierra-su-invierno-con-el-septimo-puesto-del-superprestigio\/"},"modified":"2024-02-12T13:15:00","modified_gmt":"2024-02-12T12:15:00","slug":"felipe-orts-cierra-su-invierno-con-el-septimo-puesto-del-superprestigio","status":"publish","type":"post","link":"https:\/\/serbenidorm.daliisolutions.com\/index.php\/2024\/02\/12\/felipe-orts-cierra-su-invierno-con-el-septimo-puesto-del-superprestigio\/","title":{"rendered":"Felipe Orts cierra su invierno con el s\u00e9ptimo puesto del Superprestigio"},"content":{"rendered":"  <p>Benidorm<\/p>   <p>El ciclista vilero <a href=\"https:\/\/cadenaser.com\/tag\/felipe_orts_lloret\/a\/\" target=\"_blank\" rel=\"noopener\">Felipe Orts<\/a> ha dado este fin de semana por cerrada su campa\u00f1a de ciclocross 2023-2024, la mejor de toda su carrera deportiva, con otro logro hist\u00f3rico como es la s\u00e9ptima plaza final conseguida en la general del Trofeo Superprestigio al sumar nueve puntos gracias al buen papel protagonizando el s\u00e1bado en la \u00faltima puntuable del torneo en Middelkerke.<\/p>   <p>All\u00ed, el corredor del equipo La Vila Joiosa-N\u00e9teo lograba colocarse en cuarta posici\u00f3n en el primer giro de la prueba. Ya en el ecuador, Orts rodaba en un grupo intermedio que peleaba por una s\u00e9ptima plaza que se acabar\u00eda adjudicando.<\/p>   <p>Con ganas de cerrar con buen pie la temporada de <a href=\"https:\/\/cadenaser.com\/tag\/ciclocross\/a\/\" target=\"_blank\" rel=\"noopener\">ciclocross<\/a> y con la localidad de Lille como testigo, Felipe Orts volv\u00eda a cuajar una prueba muy inteligente para conseguir la novena plaza en la \u00faltima entrega del X\u00b2O Trofee. Tras una ca\u00edda cuando el ciclista de La Vila peleaba por los puestos punteros, el alicantino se ha visto obligado a reinventarse para finalizar dentro del top-10.<\/p>   <p>Ahora, Orts afronta un muy breve periodo de descanso con la vista puesta en iniciar su temporada en el <a href=\"https:\/\/cadenaser.com\/tag\/btt_bicicleta_todo_terreno\/a\/\" target=\"_blank\" rel=\"noopener\">BTT<\/a> algo que, si nada cambia, suceder\u00e1 el d\u00eda 10 de marzo con motivo del GP Ciudad de Valladolid, segunda cita puntuable para la Copa de Espa\u00f1a.<\/p> ","protected":false},"excerpt":{"rendered":"<p>El ciclista del La Vila Joiosa-N\u00e9teo comienza ya su preparaci\u00f3n para la inminente campa\u00f1a de BTT<\/p>\n","protected":false},"author":0,"featured_media":2283,"comment_status":"open","ping_status":"open","sticky":false,"template":"","format":"standard","meta":{"_acf_changed":false,"footnotes":""},"categories":[16],"tags":[],"class_list":["post-2282","post","type-post","status-publish","format-standard","has-post-thumbnail","hentry","category-deportes"],"acf":{"ser_id":"TPNRWYEFV5GC7NRD2XNOBBJJYY","ser_url":"https:\/\/cadenaser.com\/comunitat-valenciana\/2024\/02\/12\/felipe-orts-cierra-su-invierno-con-el-septimo-puesto-del-superprestigio-radio-benidorm\/"},"_links":{"self":[{"href":"https:\/\/serbenidorm.daliisolutions.com\/index.php\/wp-json\/wp\/v2\/posts\/2282","targetHints":{"allow":["GET"]}}],"collection":[{"href":"https:\/\/serbenidorm.daliisolutions.com\/index.php\/wp-json\/wp\/v2\/posts"}],"about":[{"href":"https:\/\/serbenidorm.daliisolutions.com\/index.php\/wp-json\/wp\/v2\/types\/post"}],"replies":[{"embeddable":true,"href":"https:\/\/serbenidorm.daliisolutions.com\/index.php\/wp-json\/wp\/v2\/comments?post=2282"}],"version-history":[{"count":0,"href":"https:\/\/serbenidorm.daliisolutions.com\/index.php\/wp-json\/wp\/v2\/posts\/2282\/revisions"}],"wp:featuredmedia":[{"embeddable":true,"href":"https:\/\/serbenidorm.daliisolutions.com\/index.php\/wp-json\/wp\/v2\/media\/2283"}],"wp:attachment":[{"href":"https:\/\/serbenidorm.daliisolutions.com\/index.php\/wp-json\/wp\/v2\/media?parent=2282"}],"wp:term":[{"taxonomy":"category","embeddable":true,"href":"https:\/\/serbenidorm.daliisolutions.com\/index.php\/wp-json\/wp\/v2\/categories?post=2282"},{"taxonomy":"post_tag","embeddable":true,"href":"https:\/\/serbenidorm.daliisolutions.com\/index.php\/wp-json\/wp\/v2\/tags?post=2282"}],"curies":[{"name":"wp","href":"https:\/\/api.w.org\/{rel}","templated":true}]}}