{"id":22825,"date":"2026-02-26T19:26:03","date_gmt":"2026-02-26T18:26:03","guid":{"rendered":"https:\/\/serbenidorm.daliisolutions.com\/index.php\/2026\/02\/26\/revisiones-gratuitas-para-prevenir-el-glaucoma-este-lunes-en-el-centro-social-de-altea\/"},"modified":"2026-02-26T19:26:03","modified_gmt":"2026-02-26T18:26:03","slug":"revisiones-gratuitas-para-prevenir-el-glaucoma-este-lunes-en-el-centro-social-de-altea","status":"publish","type":"post","link":"https:\/\/serbenidorm.daliisolutions.com\/index.php\/2026\/02\/26\/revisiones-gratuitas-para-prevenir-el-glaucoma-este-lunes-en-el-centro-social-de-altea\/","title":{"rendered":"Revisiones gratuitas para prevenir el glaucoma este lunes en el Centro Social de Altea"},"content":{"rendered":" <p>El Centro Social de Altea acoge este pr\u00f3ximo lunes 2 de marzo una jornada gratuita de control de tensi\u00f3n ocular organizada por la Cl\u00ednica Miranza Palomares de Benidorm en colaboraci\u00f3n con el \u00c1rea de Sanidad del Ayuntamiento. La iniciativa se va a desarrollar entre las 9:00 y las 14:30 horas sin necesidad de cita previa y de forma abierta a vecinos y visitantes interesados en revisar su salud visual.<\/p>  <p>Durante la ma\u00f1ana el equipo del que forman parte <a href=\"https:\/\/cadenaser.com\/tag\/benidorm\/a\/\" target=\"_blank\" rel=\"nofollow\" title=\"https:\/\/cadenaser.com\/tag\/benidorm\/a\/\">Luc\u00eda Rial y Miguel Mar\u00edn<\/a> realizar\u00e1n pruebas indoloras de aproximadamente diez minutos para medir la tensi\u00f3n ocular, principal factor de riesgo del glaucoma. Los especialistas, explica Mar\u00edn, no aplican gotas ni efectuar\u00e1n t\u00e9cnicas invasivas; adem\u00e1s se resolver\u00e1n dudas de los asistentes sobre prevenci\u00f3n y cuidados b\u00e1sicos de la vista.<\/p>  <p>La doctora Rial ha explicado que el glaucoma es una enfermedad \u201csilenciosa\u201d que no presenta s\u00edntomas hasta fases avanzadas. Ha detallado que afecta de forma progresiva al nervio \u00f3ptico y reduce la visi\u00f3n perif\u00e9rica hasta comprometer la visi\u00f3n central. Seg\u00fan ha subrayado, la clave es el diagn\u00f3stico precoz para frenar una p\u00e9rdida visual irreversible.<\/p>  <p>Los expertos han insistido en que el riesgo aumenta a partir de los 50 a\u00f1os y que la edad es el principal factor a tener en cuenta. Tambi\u00e9n han recordado que la tensi\u00f3n ocular no puede medirse en casa con dispositivos convencionales y que la revisi\u00f3n anual oftalmol\u00f3gica es fundamental para detectar no solo glaucoma, sino otras patolog\u00edas.<\/p>  <p>Rial y Mar\u00edn han aprovechado tambi\u00e9n para alertar del impacto del uso intensivo de pantallas, especialmente en menores, por su relaci\u00f3n con el aumento de la miop\u00eda. Han recomendado limitar la exposici\u00f3n en la infancia, realizar descansos visuales o, insisten, acudir a controles peri\u00f3dicos. <\/p> ","protected":false},"excerpt":{"rendered":"<p>Los controles de tensi\u00f3n ocular son especialmente importantes a partir de los 50 a\u00f1os<\/p>\n","protected":false},"author":0,"featured_media":0,"comment_status":"","ping_status":"open","sticky":false,"template":"","format":"standard","meta":{"_acf_changed":false,"footnotes":""},"categories":[1],"tags":[],"class_list":["post-22825","post","type-post","status-publish","format-standard","hentry","category-sin-categoria"],"acf":{"ser_id":"7JYOY4URZVBGHJF7OWCTKWNJSI","ser_url":"https:\/\/cadenaser.com\/comunitat-valenciana\/2026\/02\/26\/revisiones-gratuitas-para-prevenir-el-glaucoma-este-lunes-en-el-centro-social-de-altea-radio-benidorm\/"},"_links":{"self":[{"href":"https:\/\/serbenidorm.daliisolutions.com\/index.php\/wp-json\/wp\/v2\/posts\/22825","targetHints":{"allow":["GET"]}}],"collection":[{"href":"https:\/\/serbenidorm.daliisolutions.com\/index.php\/wp-json\/wp\/v2\/posts"}],"about":[{"href":"https:\/\/serbenidorm.daliisolutions.com\/index.php\/wp-json\/wp\/v2\/types\/post"}],"replies":[{"embeddable":true,"href":"https:\/\/serbenidorm.daliisolutions.com\/index.php\/wp-json\/wp\/v2\/comments?post=22825"}],"version-history":[{"count":0,"href":"https:\/\/serbenidorm.daliisolutions.com\/index.php\/wp-json\/wp\/v2\/posts\/22825\/revisions"}],"wp:attachment":[{"href":"https:\/\/serbenidorm.daliisolutions.com\/index.php\/wp-json\/wp\/v2\/media?parent=22825"}],"wp:term":[{"taxonomy":"category","embeddable":true,"href":"https:\/\/serbenidorm.daliisolutions.com\/index.php\/wp-json\/wp\/v2\/categories?post=22825"},{"taxonomy":"post_tag","embeddable":true,"href":"https:\/\/serbenidorm.daliisolutions.com\/index.php\/wp-json\/wp\/v2\/tags?post=22825"}],"curies":[{"name":"wp","href":"https:\/\/api.w.org\/{rel}","templated":true}]}}