{"id":22840,"date":"2026-02-27T12:36:31","date_gmt":"2026-02-27T11:36:31","guid":{"rendered":"https:\/\/serbenidorm.daliisolutions.com\/index.php\/2026\/02\/27\/el-balonmano-servigroup-benidorm-vuelve-al-palau-recibiendo-al-blendio-sinfin\/"},"modified":"2026-02-27T12:36:31","modified_gmt":"2026-02-27T11:36:31","slug":"el-balonmano-servigroup-benidorm-vuelve-al-palau-recibiendo-al-blendio-sinfin","status":"publish","type":"post","link":"https:\/\/serbenidorm.daliisolutions.com\/index.php\/2026\/02\/27\/el-balonmano-servigroup-benidorm-vuelve-al-palau-recibiendo-al-blendio-sinfin\/","title":{"rendered":"El Balonmano Servigroup Benidorm vuelve al Palau recibiendo al Blendio Sinf\u00edn"},"content":{"rendered":" <p>M\u00e1s de dos meses despu\u00e9s, el Balonmano Servigroup Benidorm regresar\u00e1 este s\u00e1bado (18:00 horas) a su casa del Palau d\u2019Esports l\u2019Illa de Benidorm para afrontar un crucial partido ante el Blendio Sinf\u00edn c\u00e1ntabro. El choque, correspondiente a la 22\u00aa jornada de la Divisi\u00f3n de Honor Plata tiene que servir para, con el apoyo de la afici\u00f3n local, confirmar la mejor\u00eda evidenciada el pasado fin de semana con la victoria en casa del Bar\u00e7a B.<\/p>  <p>A falta de s\u00f3lo nueve jornadas (diez partidos para el Balonmano Servigroup Benidorm, que tiene pendiente el choque aplazado ante el Burgos) para el final de la fase regular de la competici\u00f3n liguera, la clasificaci\u00f3n sigue terriblemente apretada en la zona alta de la misma, por lo que cada punto que se ponga en juego a partir de ahora valdr\u00e1 su peso en oro en lo que a la consecuci\u00f3n de una plaza en el play-off de ascenso se refiere.<\/p>  <p>Los de Alejandro Cutanda ya se impusieron a los c\u00e1ntabros en La Albericia el pasado mes de octubre, por lo que tratar\u00e1n ahora de hacer valer el factor cancha favorable para sumar dos puntos que podr\u00edan eliminar, casi de forma definitiva, al Blendio Sinf\u00edn de la lucha por el ascenso.<\/p>  <p>Los c\u00e1ntabros vienen de perder (28-27) la pasada semana en casa de Agustinos, por lo que en la entidad del Palau conf\u00edan en que este segundo viaje consecutivo a tierras alicantinas vuelva a atragant\u00e1rsele a un rival que, como en el caso del Balonmano Servigroup Benidorm, est\u00e1 atravesando un momento muy irregular en las \u00faltimas jornadas.<\/p> ","protected":false},"excerpt":{"rendered":"<p>Los locales quieren confirmar la mejor\u00eda evidenciada la pasada semana en Barcelona<\/p>\n","protected":false},"author":0,"featured_media":22841,"comment_status":"","ping_status":"open","sticky":false,"template":"","format":"standard","meta":{"_acf_changed":false,"footnotes":""},"categories":[16],"tags":[],"class_list":["post-22840","post","type-post","status-publish","format-standard","has-post-thumbnail","hentry","category-deportes"],"acf":{"ser_id":"XBNOIDXGPVE35M2S7FC2JVNY5I","ser_url":"https:\/\/cadenaser.com\/comunitat-valenciana\/2026\/02\/27\/el-balonmano-servigroup-benidorm-vuelve-al-palau-recibiendo-al-blendio-sinfin-radio-benidorm\/"},"_links":{"self":[{"href":"https:\/\/serbenidorm.daliisolutions.com\/index.php\/wp-json\/wp\/v2\/posts\/22840","targetHints":{"allow":["GET"]}}],"collection":[{"href":"https:\/\/serbenidorm.daliisolutions.com\/index.php\/wp-json\/wp\/v2\/posts"}],"about":[{"href":"https:\/\/serbenidorm.daliisolutions.com\/index.php\/wp-json\/wp\/v2\/types\/post"}],"replies":[{"embeddable":true,"href":"https:\/\/serbenidorm.daliisolutions.com\/index.php\/wp-json\/wp\/v2\/comments?post=22840"}],"version-history":[{"count":0,"href":"https:\/\/serbenidorm.daliisolutions.com\/index.php\/wp-json\/wp\/v2\/posts\/22840\/revisions"}],"wp:featuredmedia":[{"embeddable":true,"href":"https:\/\/serbenidorm.daliisolutions.com\/index.php\/wp-json\/wp\/v2\/media\/22841"}],"wp:attachment":[{"href":"https:\/\/serbenidorm.daliisolutions.com\/index.php\/wp-json\/wp\/v2\/media?parent=22840"}],"wp:term":[{"taxonomy":"category","embeddable":true,"href":"https:\/\/serbenidorm.daliisolutions.com\/index.php\/wp-json\/wp\/v2\/categories?post=22840"},{"taxonomy":"post_tag","embeddable":true,"href":"https:\/\/serbenidorm.daliisolutions.com\/index.php\/wp-json\/wp\/v2\/tags?post=22840"}],"curies":[{"name":"wp","href":"https:\/\/api.w.org\/{rel}","templated":true}]}}