{"id":22842,"date":"2026-02-27T13:26:09","date_gmt":"2026-02-27T12:26:09","guid":{"rendered":"https:\/\/serbenidorm.daliisolutions.com\/index.php\/2026\/02\/27\/benidorm-estrena-el-lunes-el-nuevo-centro-de-salud-del-rincon-de-loix\/"},"modified":"2026-02-27T13:26:09","modified_gmt":"2026-02-27T12:26:09","slug":"benidorm-estrena-el-lunes-el-nuevo-centro-de-salud-del-rincon-de-loix","status":"publish","type":"post","link":"https:\/\/serbenidorm.daliisolutions.com\/index.php\/2026\/02\/27\/benidorm-estrena-el-lunes-el-nuevo-centro-de-salud-del-rincon-de-loix\/","title":{"rendered":"Benidorm estrena el lunes el nuevo Centro de Salud del Rinc\u00f3n de Loix"},"content":{"rendered":" <p>De Juan Fuster Zaragoza a la calle Zamora, 5. Este lunes 2 de marzo y tras m\u00e1s de 40 d\u00e9cadas en instalaciones provisionales abrir\u00e1 sus puertas el nuevo Centro de Salud del Rinc\u00f3n de Loix. Sanidad ya est\u00e1 informando a los pacientes del traslado completo de las consultas desde el actual edificio a partir de las ocho de la ma\u00f1ana.<\/p>  <p>El <a href=\"https:\/\/cadenaser.com\/tag\/benidorm\/a\/\" target=\"_blank\" rel=\"nofollow\" title=\"https:\/\/cadenaser.com\/tag\/benidorm\/a\/\">Departamento de Salud de la Marina Baixa<\/a> ha informado de que el Punto de Atenci\u00f3n Continuada permanece en el consultorio antiguo hasta esa misma hora del lunes, momento en el que el nuevo centro quedar\u00e1 plenamente operativo. <\/p>  <p>El alcalde de Benidorm, Toni P\u00e9rez, ha destacado que el barrio consigue as\u00ed un hito hist\u00f3rico. El primer edil ha recordado que el antiguo consultorio naci\u00f3 como centro para desplazados y se convirti\u00f3 despu\u00e9s en recurso provisional de Atenci\u00f3n Primaria. Ahora, seg\u00fan ha subrayado, la ciudad contar\u00e1 con un centro sanitario acorde a las necesidades actuales.<\/p>  <p>El edificio se ha construido sobre una parcela municipal de casi 4.000 metros cuadrados cedida en 2017 junto a los Campos de F\u00fatbol Antonio L\u00f3pez para atender a 23.000 tarjetas sanitarias. Adem\u00e1s, asumir\u00e1 la elevada demanda derivada del turismo al estar ubicado en una de las zonas con mayor concentraci\u00f3n hotelera.<\/p>  <p>Despu\u00e9s de cambios y retrasos en el proyecto el Centro de Salud del Rinc\u00f3n de Loix se convierte en una realidad con 18 consultas de Atenci\u00f3n Primaria, de las cuales 12 son de Medicina Familiar, seis de Enfermer\u00eda y una polivalente. Asimismo se ha dotado de un \u00e1rea de Pediatr\u00eda con dos consultas m\u00e9dicas y una de Enfermer\u00eda, junto a espacios de para extracciones, de trabajo social y de atenci\u00f3n a la mujer y preparaci\u00f3n al parto. <\/p> ","protected":false},"excerpt":{"rendered":"<p>La instalaci\u00f3n de la calle Zamora entrar\u00e1 en funcionamiento a las ocho de la ma\u00f1ana para atender a m\u00e1s de 23.000 tarjetas sanitarias<\/p>\n","protected":false},"author":0,"featured_media":22843,"comment_status":"","ping_status":"open","sticky":false,"template":"","format":"standard","meta":{"_acf_changed":false,"footnotes":""},"categories":[1],"tags":[],"class_list":["post-22842","post","type-post","status-publish","format-standard","has-post-thumbnail","hentry","category-sin-categoria"],"acf":{"ser_id":"QGLLR4TH5FAX3B236336MFXCYU","ser_url":"https:\/\/cadenaser.com\/comunitat-valenciana\/2026\/02\/27\/benidorm-estrena-el-lunes-el-nuevo-centro-de-salud-del-rincon-de-loix-radio-benidorm\/"},"_links":{"self":[{"href":"https:\/\/serbenidorm.daliisolutions.com\/index.php\/wp-json\/wp\/v2\/posts\/22842","targetHints":{"allow":["GET"]}}],"collection":[{"href":"https:\/\/serbenidorm.daliisolutions.com\/index.php\/wp-json\/wp\/v2\/posts"}],"about":[{"href":"https:\/\/serbenidorm.daliisolutions.com\/index.php\/wp-json\/wp\/v2\/types\/post"}],"replies":[{"embeddable":true,"href":"https:\/\/serbenidorm.daliisolutions.com\/index.php\/wp-json\/wp\/v2\/comments?post=22842"}],"version-history":[{"count":0,"href":"https:\/\/serbenidorm.daliisolutions.com\/index.php\/wp-json\/wp\/v2\/posts\/22842\/revisions"}],"wp:featuredmedia":[{"embeddable":true,"href":"https:\/\/serbenidorm.daliisolutions.com\/index.php\/wp-json\/wp\/v2\/media\/22843"}],"wp:attachment":[{"href":"https:\/\/serbenidorm.daliisolutions.com\/index.php\/wp-json\/wp\/v2\/media?parent=22842"}],"wp:term":[{"taxonomy":"category","embeddable":true,"href":"https:\/\/serbenidorm.daliisolutions.com\/index.php\/wp-json\/wp\/v2\/categories?post=22842"},{"taxonomy":"post_tag","embeddable":true,"href":"https:\/\/serbenidorm.daliisolutions.com\/index.php\/wp-json\/wp\/v2\/tags?post=22842"}],"curies":[{"name":"wp","href":"https:\/\/api.w.org\/{rel}","templated":true}]}}