{"id":22846,"date":"2026-02-27T13:37:53","date_gmt":"2026-02-27T12:37:53","guid":{"rendered":"https:\/\/serbenidorm.daliisolutions.com\/index.php\/2026\/02\/27\/viviendas-turisticas-en-benidorm-la-nueva-regulacion-apenas-reduce-la-oferta-en-el-mercado\/"},"modified":"2026-02-27T13:37:53","modified_gmt":"2026-02-27T12:37:53","slug":"viviendas-turisticas-en-benidorm-la-nueva-regulacion-apenas-reduce-la-oferta-en-el-mercado","status":"publish","type":"post","link":"https:\/\/serbenidorm.daliisolutions.com\/index.php\/2026\/02\/27\/viviendas-turisticas-en-benidorm-la-nueva-regulacion-apenas-reduce-la-oferta-en-el-mercado\/","title":{"rendered":"Viviendas tur\u00edsticas en Benidorm: la nueva regulaci\u00f3n apenas reduce la oferta en el mercado"},"content":{"rendered":" <p>La patronal hotelera de la Comunitat Valenciana acaba de publicar un informe de su principal competencia: las viviendas tur\u00edsticas. Este estudio refleja c\u00f3mo en Benidorm estos alojamientos, siempre de media durante 2025, tuvieron una ocupaci\u00f3n del 41%, una estancia de casi cinco d\u00edas y una tarifa de 194 euros.<\/p>  <p>Entre las principales conclusiones de Hosbec est\u00e1 que la regulaci\u00f3n de la Generalitat \u00abest\u00e1 cosechando ya sus efectos\u00bb porque ha ca\u00eddo el n\u00famero de viviendas tur\u00edsticas ofertadas en las principales plataformas (Airbnb, Booking, VRBO). Sin embargo <a href=\"https:\/\/cadenaser.com\/tag\/benidorm\/a\/\" target=\"_blank\" rel=\"nofollow\" title=\"https:\/\/cadenaser.com\/tag\/benidorm\/a\/\">Benidorm es uno de los lugares donde ese descenso es m\u00e1s tibio, apenas un 1%, mientras en Guardamar o Denia, por ejemplo, han ca\u00eddo hasta un 15% y un 8% en solo un a\u00f1o<\/a>. <\/p>  <p>Nuria Montes, secretaria general de los hoteleros, advierte adem\u00e1s sobre la continuidad de la pr\u00e1ctica ilegal de alquilar vacacionalmente habitaciones sueltas: \u00abSe detecta un volumen importante de alquiler ilegal por habitaciones, es un objetivo prioritario para que los servicios de inspecci\u00f3n act\u00faen\u00bb.<\/p>  <p>Benidorm es el cuarto destino de la provincia de Alicante con m\u00e1s capacidad, en este apartado lidera Torrevieja; el segunda en ocupaci\u00f3n, aqu\u00ed encabeza Alicante capital; segunda tambi\u00e9n en precio medio, el m\u00e1s caro es Calpe; y, eso s\u00ed, Benidorm es el primero en duraci\u00f3n de la estancia con esos 4,9 d\u00edas de media.<\/p> ","protected":false},"excerpt":{"rendered":"<p>Un informe de la patronal hotelera cifra un descenso de las casas ofertadas para alquiler vacacional de 4.153 a 4.111 (-1,0%)<\/p>\n","protected":false},"author":0,"featured_media":22847,"comment_status":"","ping_status":"open","sticky":false,"template":"","format":"standard","meta":{"_acf_changed":false,"footnotes":""},"categories":[1],"tags":[],"class_list":["post-22846","post","type-post","status-publish","format-standard","has-post-thumbnail","hentry","category-sin-categoria"],"acf":{"ser_id":"UUPMS6LUMBGALE3WOBFBD334CY","ser_url":"https:\/\/cadenaser.com\/comunitat-valenciana\/2026\/02\/27\/el-numero-de-viviendas-turisticas-en-el-mercado-de-benidorm-apenas-varia-pese-a-la-nueva-regulacion-radio-benidorm\/"},"_links":{"self":[{"href":"https:\/\/serbenidorm.daliisolutions.com\/index.php\/wp-json\/wp\/v2\/posts\/22846","targetHints":{"allow":["GET"]}}],"collection":[{"href":"https:\/\/serbenidorm.daliisolutions.com\/index.php\/wp-json\/wp\/v2\/posts"}],"about":[{"href":"https:\/\/serbenidorm.daliisolutions.com\/index.php\/wp-json\/wp\/v2\/types\/post"}],"replies":[{"embeddable":true,"href":"https:\/\/serbenidorm.daliisolutions.com\/index.php\/wp-json\/wp\/v2\/comments?post=22846"}],"version-history":[{"count":0,"href":"https:\/\/serbenidorm.daliisolutions.com\/index.php\/wp-json\/wp\/v2\/posts\/22846\/revisions"}],"wp:featuredmedia":[{"embeddable":true,"href":"https:\/\/serbenidorm.daliisolutions.com\/index.php\/wp-json\/wp\/v2\/media\/22847"}],"wp:attachment":[{"href":"https:\/\/serbenidorm.daliisolutions.com\/index.php\/wp-json\/wp\/v2\/media?parent=22846"}],"wp:term":[{"taxonomy":"category","embeddable":true,"href":"https:\/\/serbenidorm.daliisolutions.com\/index.php\/wp-json\/wp\/v2\/categories?post=22846"},{"taxonomy":"post_tag","embeddable":true,"href":"https:\/\/serbenidorm.daliisolutions.com\/index.php\/wp-json\/wp\/v2\/tags?post=22846"}],"curies":[{"name":"wp","href":"https:\/\/api.w.org\/{rel}","templated":true}]}}