{"id":22848,"date":"2026-02-27T13:37:53","date_gmt":"2026-02-27T12:37:53","guid":{"rendered":"https:\/\/serbenidorm.daliisolutions.com\/index.php\/2026\/02\/27\/el-camporrosso-finestrat-viaja-a-granada-apurando-sus-opciones-de-estar-en-el-top4\/"},"modified":"2026-02-27T13:37:53","modified_gmt":"2026-02-27T12:37:53","slug":"el-camporrosso-finestrat-viaja-a-granada-apurando-sus-opciones-de-estar-en-el-top4","status":"publish","type":"post","link":"https:\/\/serbenidorm.daliisolutions.com\/index.php\/2026\/02\/27\/el-camporrosso-finestrat-viaja-a-granada-apurando-sus-opciones-de-estar-en-el-top4\/","title":{"rendered":"El Camporrosso Finestrat viaja a Granada apurando sus opciones de estar en el top4"},"content":{"rendered":" <p>La remodelaci\u00f3n de la Superliga 2 femenina de voleibol prevista para la pr\u00f3xima temporada ha convertido en imperativo el objetivo de terminar la presente temporada entre los cuatro primeros puestos de la clasificaci\u00f3n para todos aquellos equipos que en la 2026-2027 quieran seguir militando en la nueva categor\u00eda de plata del v\u00f3ley nacional.<\/p>  <p>Por ello, el desplazamiento que este s\u00e1bado (18:00 horas) llevar\u00e1 al Camporrosso Finestrat hasta la cancha del Atarfe granadino se antoja como crucial para que las de Eduardo Toranzo mantengan sus cada vez m\u00e1s complicadas opciones de terminar el presente curso en ese ansiado top4.<\/p>  <p>Con s\u00f3lo cuatro jornadas por delante (12 puntos en juego), la misi\u00f3n se antoja pr\u00e1cticamente imposible toda vez que el cuarto clasificado, el Universidad de Granada, suma once puntos m\u00e1s que las finestratenses que, por lo tanto, no tienen ya margen de error y precisan, as\u00ed mismo, de una debacle en la zona alta.<\/p>  <p>En todo caso, y m\u00e1s all\u00e1 de esa casi imposible misi\u00f3n, el Camporrosso Finestrat tratar\u00e1 de acabar lo m\u00e1s alto posible en la clasificaci\u00f3n y para ello tratar\u00e1n de aprovechar la debilidad del colista para resarcirse de la derrota sufrida la pasada semana en casa ante el Paterna Liceo.<\/p>  <p>El Servigroup Playas de Benidorm femenino, por su parte, descansar\u00e1 ya que ya disput\u00f3 su choque correspondiente a esta jornada mientras que la Superliga Masculina tampoco tendr\u00e1 actividad debido a la disputa en Valencia de la Copa del Rey de voleibol.<\/p> ","protected":false},"excerpt":{"rendered":"<p>Las de Eduardo Toranzo visitan al colista sin margen para los errores<\/p>\n","protected":false},"author":0,"featured_media":22849,"comment_status":"","ping_status":"open","sticky":false,"template":"","format":"standard","meta":{"_acf_changed":false,"footnotes":""},"categories":[16],"tags":[],"class_list":["post-22848","post","type-post","status-publish","format-standard","has-post-thumbnail","hentry","category-deportes"],"acf":{"ser_id":"A5WFYZTKFBEXTPACWIEDLNMX4U","ser_url":"https:\/\/cadenaser.com\/comunitat-valenciana\/2026\/02\/27\/el-camporrosso-finestrat-viaja-a-granada-apurando-sus-opciones-de-estar-en-el-top4-radio-benidorm\/"},"_links":{"self":[{"href":"https:\/\/serbenidorm.daliisolutions.com\/index.php\/wp-json\/wp\/v2\/posts\/22848","targetHints":{"allow":["GET"]}}],"collection":[{"href":"https:\/\/serbenidorm.daliisolutions.com\/index.php\/wp-json\/wp\/v2\/posts"}],"about":[{"href":"https:\/\/serbenidorm.daliisolutions.com\/index.php\/wp-json\/wp\/v2\/types\/post"}],"replies":[{"embeddable":true,"href":"https:\/\/serbenidorm.daliisolutions.com\/index.php\/wp-json\/wp\/v2\/comments?post=22848"}],"version-history":[{"count":0,"href":"https:\/\/serbenidorm.daliisolutions.com\/index.php\/wp-json\/wp\/v2\/posts\/22848\/revisions"}],"wp:featuredmedia":[{"embeddable":true,"href":"https:\/\/serbenidorm.daliisolutions.com\/index.php\/wp-json\/wp\/v2\/media\/22849"}],"wp:attachment":[{"href":"https:\/\/serbenidorm.daliisolutions.com\/index.php\/wp-json\/wp\/v2\/media?parent=22848"}],"wp:term":[{"taxonomy":"category","embeddable":true,"href":"https:\/\/serbenidorm.daliisolutions.com\/index.php\/wp-json\/wp\/v2\/categories?post=22848"},{"taxonomy":"post_tag","embeddable":true,"href":"https:\/\/serbenidorm.daliisolutions.com\/index.php\/wp-json\/wp\/v2\/tags?post=22848"}],"curies":[{"name":"wp","href":"https:\/\/api.w.org\/{rel}","templated":true}]}}