{"id":22850,"date":"2026-02-27T13:58:47","date_gmt":"2026-02-27T12:58:47","guid":{"rendered":"https:\/\/serbenidorm.daliisolutions.com\/index.php\/2026\/02\/27\/duelo-de-altura-en-el-palau-entre-el-baloncesto-benidorm-y-el-torrent\/"},"modified":"2026-02-27T13:58:47","modified_gmt":"2026-02-27T12:58:47","slug":"duelo-de-altura-en-el-palau-entre-el-baloncesto-benidorm-y-el-torrent","status":"publish","type":"post","link":"https:\/\/serbenidorm.daliisolutions.com\/index.php\/2026\/02\/27\/duelo-de-altura-en-el-palau-entre-el-baloncesto-benidorm-y-el-torrent\/","title":{"rendered":"Duelo de altura en el Palau entre el Baloncesto Benidorm y el Torrent"},"content":{"rendered":" <p>Por segunda semana consecutiva, el Servigroup Baloncesto Benidorm jugar\u00e1 en casa buscando seguir avanzando en su misi\u00f3n de meterse en la zona de pelea por el ascenso de categor\u00eda. Este s\u00e1bado (19:30 horas), los de Nico S\u00e1nchez afrontan un choque clave en ese camino recibiendo al segundo clasificado, un Torrent que cuenta con una ventaja de tres puntos sobre los benidormenses y que vienen de perder (80-88) en casa ante el l\u00edder, el Alginet, en el que fue su primer tropiezo en las \u00faltimas cinco jornadas.<\/p>  <p>El Servigroup Baloncesto Benidorm, por su parte, tambi\u00e9n llega a esta 20\u00aa jornada de competici\u00f3n con una muy buena din\u00e1mica y con el mismo parcial de cuatro triunfos por una sola derrota en las \u00faltimas cinco jornadas.<\/p>  <p>El de este fin de semana en el Palau d\u2019Esports ser\u00e1, por lo tanto, un partido que podr\u00eda definir de forma ya muy clara esa pelea por el play-off de ascenso cuando s\u00f3lo restan siete jornadas para el final de la fase regular de la competici\u00f3n.<\/p>  <p>En la Primera Divisi\u00f3n Femenina, el Terralf\u00e0s visita este domingo (12:00 horas) al Infante, un equipo de la zona baja que debe de servir para que las de M\u00aa Carmen Burgos puedan volver a mostrar su mejor imagen y, de esta manera, volver a poner tierra de por medio respecto a su principal perseguidor, el UCAM Murcia, y meter algo m\u00e1s de presi\u00f3n al segundo clasificado, un Cartagena que afronta esta 17\u00aa jornada con cinco puntos de ventaja sobre las alfasinas.<\/p> ","protected":false},"excerpt":{"rendered":"<p>Los de Nico S\u00e1nchez se miden al segundo clasificado en una jornada crucial<\/p>\n","protected":false},"author":0,"featured_media":22851,"comment_status":"","ping_status":"open","sticky":false,"template":"","format":"standard","meta":{"_acf_changed":false,"footnotes":""},"categories":[16],"tags":[],"class_list":["post-22850","post","type-post","status-publish","format-standard","has-post-thumbnail","hentry","category-deportes"],"acf":{"ser_id":"FEBIUPO2WJBVZFTTHPBACTLYHU","ser_url":"https:\/\/cadenaser.com\/comunitat-valenciana\/2026\/02\/27\/duelo-de-altura-en-el-palau-entre-el-baloncesto-benidorm-y-el-torrent-radio-benidorm\/"},"_links":{"self":[{"href":"https:\/\/serbenidorm.daliisolutions.com\/index.php\/wp-json\/wp\/v2\/posts\/22850","targetHints":{"allow":["GET"]}}],"collection":[{"href":"https:\/\/serbenidorm.daliisolutions.com\/index.php\/wp-json\/wp\/v2\/posts"}],"about":[{"href":"https:\/\/serbenidorm.daliisolutions.com\/index.php\/wp-json\/wp\/v2\/types\/post"}],"replies":[{"embeddable":true,"href":"https:\/\/serbenidorm.daliisolutions.com\/index.php\/wp-json\/wp\/v2\/comments?post=22850"}],"version-history":[{"count":0,"href":"https:\/\/serbenidorm.daliisolutions.com\/index.php\/wp-json\/wp\/v2\/posts\/22850\/revisions"}],"wp:featuredmedia":[{"embeddable":true,"href":"https:\/\/serbenidorm.daliisolutions.com\/index.php\/wp-json\/wp\/v2\/media\/22851"}],"wp:attachment":[{"href":"https:\/\/serbenidorm.daliisolutions.com\/index.php\/wp-json\/wp\/v2\/media?parent=22850"}],"wp:term":[{"taxonomy":"category","embeddable":true,"href":"https:\/\/serbenidorm.daliisolutions.com\/index.php\/wp-json\/wp\/v2\/categories?post=22850"},{"taxonomy":"post_tag","embeddable":true,"href":"https:\/\/serbenidorm.daliisolutions.com\/index.php\/wp-json\/wp\/v2\/tags?post=22850"}],"curies":[{"name":"wp","href":"https:\/\/api.w.org\/{rel}","templated":true}]}}