{"id":22852,"date":"2026-02-27T14:16:09","date_gmt":"2026-02-27T13:16:09","guid":{"rendered":"https:\/\/serbenidorm.daliisolutions.com\/index.php\/2026\/02\/27\/el-futbol-comarcal-encara-un-final-de-temporada-de-ensueno\/"},"modified":"2026-02-27T14:16:09","modified_gmt":"2026-02-27T13:16:09","slug":"el-futbol-comarcal-encara-un-final-de-temporada-de-ensueno","status":"publish","type":"post","link":"https:\/\/serbenidorm.daliisolutions.com\/index.php\/2026\/02\/27\/el-futbol-comarcal-encara-un-final-de-temporada-de-ensueno\/","title":{"rendered":"El f\u00fatbol comarcal encara un final de temporada de ensue\u00f1o"},"content":{"rendered":" <p>Poco a poco el f\u00fatbol se va acercando a la parte decisiva de la temporada para los m\u00e1ximos exponentes del balompi\u00e9 comarcal y lo hace con una situaci\u00f3n inmejorable tanto para el Benidorm, l\u00edder destacado en la Lliga Comunitat; como para La Nuc\u00eda, resucitado tras su mal arranque de curso tras meterse la pasada semana en la zona de ascenso.<\/p>  <p>Pese a su privilegiada posici\u00f3n, ninguno de los dos equipos puede relajarse ahora que llega la parte crucial del curso. El Benidorm s\u00f3lo cuenta con dos puntos de ventaja sobre el segundo clasificado, el Eldense B, dispuesto a aprovechar cualquier tropiezo de los de Javier Vidales para arrebatar a los del Guillermo Amor esa \u00fanica plaza de ascenso directo.<\/p>  <p>Para evitarlo, los benidormenses reciben este domingo (12:00 horas) a L\u2019Oller\u00eda, un equipo muy necesitado de puntos ya que ocupa la primera de las plazas de descenso, por lo que precisa de sumar con urgencia si no quiere ver todav\u00eda m\u00e1s comprometidas sus opciones de salvaci\u00f3n.<\/p>  <p>Por su parte, La Nuc\u00eda tampoco tiene margen de error. Tras alcanzar la quinta posici\u00f3n la pasada semana, los de Vicente Mir viajan este domingo (17:30 horas) a Soneja con el objetivo de sumar la que ser\u00eda su duod\u00e9cima jornada consecutiva sin conocer la derrota.<\/p> ","protected":false},"excerpt":{"rendered":"<p>El Benidorm sigue l\u00edder y La Nuc\u00eda ya se ha metido en zona de ascenso<\/p>\n","protected":false},"author":0,"featured_media":22853,"comment_status":"","ping_status":"open","sticky":false,"template":"","format":"standard","meta":{"_acf_changed":false,"footnotes":""},"categories":[16],"tags":[],"class_list":["post-22852","post","type-post","status-publish","format-standard","has-post-thumbnail","hentry","category-deportes"],"acf":{"ser_id":"2E3EQZNU3REHREETOWPCROULDE","ser_url":"https:\/\/cadenaser.com\/comunitat-valenciana\/2026\/02\/27\/el-futbol-comarcal-encara-un-final-de-temporada-de-ensueno-radio-benidorm\/"},"_links":{"self":[{"href":"https:\/\/serbenidorm.daliisolutions.com\/index.php\/wp-json\/wp\/v2\/posts\/22852","targetHints":{"allow":["GET"]}}],"collection":[{"href":"https:\/\/serbenidorm.daliisolutions.com\/index.php\/wp-json\/wp\/v2\/posts"}],"about":[{"href":"https:\/\/serbenidorm.daliisolutions.com\/index.php\/wp-json\/wp\/v2\/types\/post"}],"replies":[{"embeddable":true,"href":"https:\/\/serbenidorm.daliisolutions.com\/index.php\/wp-json\/wp\/v2\/comments?post=22852"}],"version-history":[{"count":0,"href":"https:\/\/serbenidorm.daliisolutions.com\/index.php\/wp-json\/wp\/v2\/posts\/22852\/revisions"}],"wp:featuredmedia":[{"embeddable":true,"href":"https:\/\/serbenidorm.daliisolutions.com\/index.php\/wp-json\/wp\/v2\/media\/22853"}],"wp:attachment":[{"href":"https:\/\/serbenidorm.daliisolutions.com\/index.php\/wp-json\/wp\/v2\/media?parent=22852"}],"wp:term":[{"taxonomy":"category","embeddable":true,"href":"https:\/\/serbenidorm.daliisolutions.com\/index.php\/wp-json\/wp\/v2\/categories?post=22852"},{"taxonomy":"post_tag","embeddable":true,"href":"https:\/\/serbenidorm.daliisolutions.com\/index.php\/wp-json\/wp\/v2\/tags?post=22852"}],"curies":[{"name":"wp","href":"https:\/\/api.w.org\/{rel}","templated":true}]}}