{"id":2289,"date":"2024-02-12T20:04:23","date_gmt":"2024-02-12T19:04:23","guid":{"rendered":"https:\/\/serbenidorm.daliisolutions.com\/index.php\/2024\/02\/12\/hector-alvarez-se-proclama-campeon-de-espana-tras-una-exhibicion-en-dos-hermanas\/"},"modified":"2024-02-12T20:04:23","modified_gmt":"2024-02-12T19:04:23","slug":"hector-alvarez-se-proclama-campeon-de-espana-tras-una-exhibicion-en-dos-hermanas","status":"publish","type":"post","link":"https:\/\/serbenidorm.daliisolutions.com\/index.php\/2024\/02\/12\/hector-alvarez-se-proclama-campeon-de-espana-tras-una-exhibicion-en-dos-hermanas\/","title":{"rendered":"H\u00e9ctor \u00c1lvarez se proclama campe\u00f3n de Espa\u00f1a tras una exhibici\u00f3n en Dos Hermanas"},"content":{"rendered":"  <p>Benidorm<\/p>   <p>El alfasino H\u00e9ctor \u00c1lvarez se ha proclamado este fin de semana campe\u00f3n de Espa\u00f1a de \u00d3mnium en la categor\u00eda J\u00fanior en el vel\u00f3dromo de Dos Hermanas (Sevilla) protagonizando una verdadera exhibici\u00f3n que no ha hecho m\u00e1s que confirmar el enorme potencial del actual campe\u00f3n de Europa de la especialidad.<\/p>   <p>De hecho, \u00c1lvarez tuvo un accidentado y complicado arranque de la jornada despu\u00e9s de haber terminado en s\u00e9ptima posici\u00f3n la prueba de Scratch y la sexta en la Tempo Race. Las cosas se le iban a torcer todav\u00eda m\u00e1s al gran favorito despu\u00e9s de que los jueces determinaran su descalificaci\u00f3n de la prueba de Eliminaci\u00f3n por haber progresado por el pasillo azul, lo que le releg\u00f3 a la cuarta plaza.<\/p>   <p>A partir de ese momento, y con s\u00f3lo la Puntuaci\u00f3n por disputarse, parec\u00eda que el ciclista de l\u2019Alf\u00e0s del Pi iba a tener que conformarse, a lo sumo, con subir al podio, pero fue entonces cuando destap\u00f3 el tarro de las esencias y brind\u00f3 al p\u00fablico de Dos Hermanas una de esas exhibiciones que tardar\u00e1n mucho en ser olvidadas.<\/p>   <p>\u00c1lvarez arrancaba la prueba final del d\u00eda ocupando la cuarta posici\u00f3n con 92 puntos, a 22 de su compa\u00f1ero Toni Ram\u00edrez, que lideraba tras haber hecho un \u00d3mnium casi perfecto siendo segundo en el Scratch, primero en la Tempo Race y tercero en la Eliminaci\u00f3n.<\/p>   <p>Lo que sucedi\u00f3 a partir de entonces en la Puntuaci\u00f3n, en un vel\u00f3dromo de 333,3 metros de cuerda, fue algo propio de un ciclista con un talento muy especial. \u00c1lvarez arranc\u00f3 junto a Rub\u00e9n S\u00e1nchez, campe\u00f3n del mundo de Eliminaci\u00f3n, y gracias a una excelente colaboraci\u00f3n terminaron ganando vuelta al pelot\u00f3n tras jugar con \u00e9l y posponer el momento de la captura en un par de ocasiones para sumar unos cuantos puntos m\u00e1s en los sprints intermedios.<\/p>   <p>Restaban unas 25 vueltas para el final en el instante en que \u00c1lvarez y S\u00e1nchez doblaban al grupo. El campe\u00f3n de Europa se tomaba entonces un breve respiro y atacaba de nuevo junto a Antonio Ram\u00edrez. Los dos compa\u00f1eros de selecci\u00f3n tomaron vuelta de nuevo y con ello \u00c1lvarez terminaba de rematar esa portentosa actuaci\u00f3n que le ha llevado al t\u00edtulo.<\/p> ","protected":false},"excerpt":{"rendered":"<p>El ciclista de l\u2019Alf\u00e0s del Pi supo remontar en la prueba de puntuaci\u00f3n tras ser descalificado en la eliminaci\u00f3n<\/p>\n","protected":false},"author":0,"featured_media":2290,"comment_status":"open","ping_status":"open","sticky":false,"template":"","format":"standard","meta":{"_acf_changed":false,"footnotes":""},"categories":[16],"tags":[],"class_list":["post-2289","post","type-post","status-publish","format-standard","has-post-thumbnail","hentry","category-deportes"],"acf":{"ser_id":"HGE5GKLXYFBQPHIKAZ4RKYPH34","ser_url":"https:\/\/cadenaser.com\/comunitat-valenciana\/2024\/02\/12\/hector-alvarez-se-proclama-campeon-de-espana-tras-una-exhibicion-en-dos-hermanas-radio-benidorm\/"},"_links":{"self":[{"href":"https:\/\/serbenidorm.daliisolutions.com\/index.php\/wp-json\/wp\/v2\/posts\/2289","targetHints":{"allow":["GET"]}}],"collection":[{"href":"https:\/\/serbenidorm.daliisolutions.com\/index.php\/wp-json\/wp\/v2\/posts"}],"about":[{"href":"https:\/\/serbenidorm.daliisolutions.com\/index.php\/wp-json\/wp\/v2\/types\/post"}],"replies":[{"embeddable":true,"href":"https:\/\/serbenidorm.daliisolutions.com\/index.php\/wp-json\/wp\/v2\/comments?post=2289"}],"version-history":[{"count":0,"href":"https:\/\/serbenidorm.daliisolutions.com\/index.php\/wp-json\/wp\/v2\/posts\/2289\/revisions"}],"wp:featuredmedia":[{"embeddable":true,"href":"https:\/\/serbenidorm.daliisolutions.com\/index.php\/wp-json\/wp\/v2\/media\/2290"}],"wp:attachment":[{"href":"https:\/\/serbenidorm.daliisolutions.com\/index.php\/wp-json\/wp\/v2\/media?parent=2289"}],"wp:term":[{"taxonomy":"category","embeddable":true,"href":"https:\/\/serbenidorm.daliisolutions.com\/index.php\/wp-json\/wp\/v2\/categories?post=2289"},{"taxonomy":"post_tag","embeddable":true,"href":"https:\/\/serbenidorm.daliisolutions.com\/index.php\/wp-json\/wp\/v2\/tags?post=2289"}],"curies":[{"name":"wp","href":"https:\/\/api.w.org\/{rel}","templated":true}]}}