{"id":22911,"date":"2026-03-02T11:59:26","date_gmt":"2026-03-02T10:59:26","guid":{"rendered":"https:\/\/serbenidorm.daliisolutions.com\/index.php\/2026\/03\/02\/servigroup-benidorm-y-blendio-sinfin-firman-tablas-en-un-duelo-de-gran-igualdad\/"},"modified":"2026-03-02T11:59:26","modified_gmt":"2026-03-02T10:59:26","slug":"servigroup-benidorm-y-blendio-sinfin-firman-tablas-en-un-duelo-de-gran-igualdad","status":"publish","type":"post","link":"https:\/\/serbenidorm.daliisolutions.com\/index.php\/2026\/03\/02\/servigroup-benidorm-y-blendio-sinfin-firman-tablas-en-un-duelo-de-gran-igualdad\/","title":{"rendered":"Servigroup Benidorm y Blendio Sinf\u00edn firman tablas en un duelo de gran igualdad"},"content":{"rendered":" <p>El Balonmano Servigroup Benidorm y el Blendio Sinf\u00edn protagonizaron un apasionante y muy igualado duelo en el Palau d\u2019Esports que se resolvi\u00f3 con un empate a 32 goles que deja vivos a los c\u00e1ntabros en su lucha por no perder la estela del ascenso y que no permite a los locales aprovecharse de los tropiezos de algunos de sus rivales directos en la zona alta de la clasificaci\u00f3n.<\/p>  <p>Ya desde el arranque mismo del partido qued\u00f3 claro que ambos equipos iban a afrontar el partido sin especular y buscando todas las formas posibles de abrir hueco en el marcador. Sin embargo, el acierto goleador se iba turnando en las dos porter\u00edas y s\u00f3lo el Blendio Sinf\u00edn fue capaz, mediado el primer tiempo, de alcanzar una liger\u00edsima ventaja de apenas dos goles que qued\u00f3 reducida a un tanto en el descanso (14-15).<\/p>  <p>Tras la reanudaci\u00f3n, el guion permaneci\u00f3 inmutable y cada vez era m\u00e1s evidente que iba a ser el equipo que mejor supiera gestionar los nervios de los minutos finales el que iba a tener m\u00e1s opciones de llevarse el gato al agua.<\/p>  <p>En ese tramo final, ni locales ni visitantes parecieron sucumbieron a la presi\u00f3n y el partido se sald\u00f3 con un empate que hizo justicia a lo visto en el 40&#215;20. <\/p>  <p>Ahora, el Balonmano Servigroup Benidorm se centra ya en el derbi provincial que el pr\u00f3ximo s\u00e1bado (19:00 horas) llevar\u00e1 a los de Alejandro Cutanda a la cancha del Agustinos.<\/p> ","protected":false},"excerpt":{"rendered":"<p>Los de Alejandro Cutanda se centran ya en el derbi provincial de la pr\u00f3xima semana ante Agustinos <\/p>\n","protected":false},"author":0,"featured_media":22912,"comment_status":"","ping_status":"open","sticky":false,"template":"","format":"standard","meta":{"_acf_changed":false,"footnotes":""},"categories":[16],"tags":[],"class_list":["post-22911","post","type-post","status-publish","format-standard","has-post-thumbnail","hentry","category-deportes"],"acf":{"ser_id":"V3Z5KNTK25FLZA3PJO3TWHIHRQ","ser_url":"https:\/\/cadenaser.com\/comunitat-valenciana\/2026\/03\/02\/servigroup-benidorm-y-blendio-sinfin-firman-tablas-en-un-duelo-de-gran-igualdad-radio-benidorm\/"},"_links":{"self":[{"href":"https:\/\/serbenidorm.daliisolutions.com\/index.php\/wp-json\/wp\/v2\/posts\/22911","targetHints":{"allow":["GET"]}}],"collection":[{"href":"https:\/\/serbenidorm.daliisolutions.com\/index.php\/wp-json\/wp\/v2\/posts"}],"about":[{"href":"https:\/\/serbenidorm.daliisolutions.com\/index.php\/wp-json\/wp\/v2\/types\/post"}],"replies":[{"embeddable":true,"href":"https:\/\/serbenidorm.daliisolutions.com\/index.php\/wp-json\/wp\/v2\/comments?post=22911"}],"version-history":[{"count":0,"href":"https:\/\/serbenidorm.daliisolutions.com\/index.php\/wp-json\/wp\/v2\/posts\/22911\/revisions"}],"wp:featuredmedia":[{"embeddable":true,"href":"https:\/\/serbenidorm.daliisolutions.com\/index.php\/wp-json\/wp\/v2\/media\/22912"}],"wp:attachment":[{"href":"https:\/\/serbenidorm.daliisolutions.com\/index.php\/wp-json\/wp\/v2\/media?parent=22911"}],"wp:term":[{"taxonomy":"category","embeddable":true,"href":"https:\/\/serbenidorm.daliisolutions.com\/index.php\/wp-json\/wp\/v2\/categories?post=22911"},{"taxonomy":"post_tag","embeddable":true,"href":"https:\/\/serbenidorm.daliisolutions.com\/index.php\/wp-json\/wp\/v2\/tags?post=22911"}],"curies":[{"name":"wp","href":"https:\/\/api.w.org\/{rel}","templated":true}]}}