{"id":22913,"date":"2026-03-02T11:59:26","date_gmt":"2026-03-02T10:59:26","guid":{"rendered":"https:\/\/serbenidorm.daliisolutions.com\/index.php\/2026\/03\/02\/el-camporrosso-finestrat-se-deja-los-tres-puntos-en-granada\/"},"modified":"2026-03-02T11:59:26","modified_gmt":"2026-03-02T10:59:26","slug":"el-camporrosso-finestrat-se-deja-los-tres-puntos-en-granada","status":"publish","type":"post","link":"https:\/\/serbenidorm.daliisolutions.com\/index.php\/2026\/03\/02\/el-camporrosso-finestrat-se-deja-los-tres-puntos-en-granada\/","title":{"rendered":"El Camporrosso Finestrat se deja los tres puntos en Granada"},"content":{"rendered":" <p>Con s\u00f3lo tres jornadas por delante en la fase regular de la Superliga 2 femenina, el Camporrosso Finestrat parece haber dado por buena su posici\u00f3n en la zona media de la clasificaci\u00f3n y el pasado fin de semana ca\u00edda por 3-1 (23-25, 25-18, 25-18 y 25-17) en casa del Atarfe, que llegaba colista a ese partido y que gracias a esta victoria toma algo de aire en la pelea por evitar el descenso.<\/p>  <p>En un partido sin historia, el equipo de Eduardo Toranzo supo imponerse en el primer set, pero luego ya no fue capaz de aguantar la intensidad requerida y acab\u00f3 march\u00e1ndose de vac\u00edo de Granada. <\/p>  <p>Con nueve puntos todav\u00eda por disputarse, el Camporrosso Finestrat, que ha ca\u00eddo a la octava posici\u00f3n, ya s\u00f3lo aspira a poder terminar, en el mejor de los casos, en la sexta plaza; lejos del top4 que da acceso a la nueva categor\u00eda de plata que se inaugurar\u00e1 la pr\u00f3xima temporada.<\/p> ","protected":false},"excerpt":{"rendered":"<p>Las de Eduardo Toranzo dan aire al colista y afrontan la fase final sin m\u00e1s objetivo que mantener la zona media<\/p>\n","protected":false},"author":0,"featured_media":22914,"comment_status":"","ping_status":"open","sticky":false,"template":"","format":"standard","meta":{"_acf_changed":false,"footnotes":""},"categories":[16],"tags":[],"class_list":["post-22913","post","type-post","status-publish","format-standard","has-post-thumbnail","hentry","category-deportes"],"acf":{"ser_id":"PLMABNK4UNDFBIMXCOCEJ7D3LQ","ser_url":"https:\/\/cadenaser.com\/comunitat-valenciana\/2026\/03\/02\/el-camporrosso-finestrat-se-deja-los-tres-puntos-en-granada-radio-benidorm\/"},"_links":{"self":[{"href":"https:\/\/serbenidorm.daliisolutions.com\/index.php\/wp-json\/wp\/v2\/posts\/22913","targetHints":{"allow":["GET"]}}],"collection":[{"href":"https:\/\/serbenidorm.daliisolutions.com\/index.php\/wp-json\/wp\/v2\/posts"}],"about":[{"href":"https:\/\/serbenidorm.daliisolutions.com\/index.php\/wp-json\/wp\/v2\/types\/post"}],"replies":[{"embeddable":true,"href":"https:\/\/serbenidorm.daliisolutions.com\/index.php\/wp-json\/wp\/v2\/comments?post=22913"}],"version-history":[{"count":0,"href":"https:\/\/serbenidorm.daliisolutions.com\/index.php\/wp-json\/wp\/v2\/posts\/22913\/revisions"}],"wp:featuredmedia":[{"embeddable":true,"href":"https:\/\/serbenidorm.daliisolutions.com\/index.php\/wp-json\/wp\/v2\/media\/22914"}],"wp:attachment":[{"href":"https:\/\/serbenidorm.daliisolutions.com\/index.php\/wp-json\/wp\/v2\/media?parent=22913"}],"wp:term":[{"taxonomy":"category","embeddable":true,"href":"https:\/\/serbenidorm.daliisolutions.com\/index.php\/wp-json\/wp\/v2\/categories?post=22913"},{"taxonomy":"post_tag","embeddable":true,"href":"https:\/\/serbenidorm.daliisolutions.com\/index.php\/wp-json\/wp\/v2\/tags?post=22913"}],"curies":[{"name":"wp","href":"https:\/\/api.w.org\/{rel}","templated":true}]}}