{"id":22915,"date":"2026-03-02T12:10:53","date_gmt":"2026-03-02T11:10:53","guid":{"rendered":"https:\/\/serbenidorm.daliisolutions.com\/index.php\/2026\/03\/02\/el-sporting-la-nucia-confirma-su-buen-momento-ante-el-inter-movistar\/"},"modified":"2026-03-02T12:10:53","modified_gmt":"2026-03-02T11:10:53","slug":"el-sporting-la-nucia-confirma-su-buen-momento-ante-el-inter-movistar","status":"publish","type":"post","link":"https:\/\/serbenidorm.daliisolutions.com\/index.php\/2026\/03\/02\/el-sporting-la-nucia-confirma-su-buen-momento-ante-el-inter-movistar\/","title":{"rendered":"El Sporting La Nuc\u00eda confirma su buen momento ante el Inter Movistar"},"content":{"rendered":" <p>S\u00f3lo el tiempo dir\u00e1 si el irregular arranque de temporada, tras el profundo cambio generacional al que hizo frente el equipo de David \u2018Dada\u2019 Valverde, supondr\u00e1 una losa demasiado pesada de levantar para el Sporting La Nuc\u00eda en su empe\u00f1o de entrar en el play-off de ascenso a la categor\u00eda de plata del f\u00fatbol sala espa\u00f1ol. Por el momento, y a la vista de su andadura en esta segunda vuelta de la competici\u00f3n liguera, lo \u00fanico evidente es que los rojillos merecen m\u00e1s que nadie la etiqueta de favoritos a lograrlo.<\/p>  <p>As\u00ed, al menos, volvi\u00f3 a quedar patente este fin de semana en Alcal\u00e1 de Henares, donde el Sporting La Nuc\u00eda se impuso por un contundente 1-5 al Inter Movistar, un rival muy directo en esa pelea por la zona noble de la clasificaci\u00f3n, y que ahora marcha a s\u00f3lo tres puntos de distancia de los de \u2018Dada\u2019 que, a su vez, s\u00f3lo necesitan recortarle cuatro puntos al Distribuci\u00f3n Moral o al Talavera para alcanzar ese objetivo.<\/p> ","protected":false},"excerpt":{"rendered":"<p>El equipo rojillo se consolida como claro favorito a meterse en el play-off de ascenso<\/p>\n","protected":false},"author":0,"featured_media":22916,"comment_status":"","ping_status":"open","sticky":false,"template":"","format":"standard","meta":{"_acf_changed":false,"footnotes":""},"categories":[16],"tags":[],"class_list":["post-22915","post","type-post","status-publish","format-standard","has-post-thumbnail","hentry","category-deportes"],"acf":{"ser_id":"A2PRUIYY35FCDJSO5567P43C4M","ser_url":"https:\/\/cadenaser.com\/comunitat-valenciana\/2026\/03\/02\/el-sporting-la-nucia-confirma-su-buen-momento-ante-el-inter-movistar-radio-benidorm\/"},"_links":{"self":[{"href":"https:\/\/serbenidorm.daliisolutions.com\/index.php\/wp-json\/wp\/v2\/posts\/22915","targetHints":{"allow":["GET"]}}],"collection":[{"href":"https:\/\/serbenidorm.daliisolutions.com\/index.php\/wp-json\/wp\/v2\/posts"}],"about":[{"href":"https:\/\/serbenidorm.daliisolutions.com\/index.php\/wp-json\/wp\/v2\/types\/post"}],"replies":[{"embeddable":true,"href":"https:\/\/serbenidorm.daliisolutions.com\/index.php\/wp-json\/wp\/v2\/comments?post=22915"}],"version-history":[{"count":0,"href":"https:\/\/serbenidorm.daliisolutions.com\/index.php\/wp-json\/wp\/v2\/posts\/22915\/revisions"}],"wp:featuredmedia":[{"embeddable":true,"href":"https:\/\/serbenidorm.daliisolutions.com\/index.php\/wp-json\/wp\/v2\/media\/22916"}],"wp:attachment":[{"href":"https:\/\/serbenidorm.daliisolutions.com\/index.php\/wp-json\/wp\/v2\/media?parent=22915"}],"wp:term":[{"taxonomy":"category","embeddable":true,"href":"https:\/\/serbenidorm.daliisolutions.com\/index.php\/wp-json\/wp\/v2\/categories?post=22915"},{"taxonomy":"post_tag","embeddable":true,"href":"https:\/\/serbenidorm.daliisolutions.com\/index.php\/wp-json\/wp\/v2\/tags?post=22915"}],"curies":[{"name":"wp","href":"https:\/\/api.w.org\/{rel}","templated":true}]}}