{"id":22919,"date":"2026-03-02T12:56:57","date_gmt":"2026-03-02T11:56:57","guid":{"rendered":"https:\/\/serbenidorm.daliisolutions.com\/index.php\/2026\/03\/02\/la-nucia-empata-en-soneja-y-la-lucha-por-el-ascenso-se-aprieta\/"},"modified":"2026-03-02T12:56:57","modified_gmt":"2026-03-02T11:56:57","slug":"la-nucia-empata-en-soneja-y-la-lucha-por-el-ascenso-se-aprieta","status":"publish","type":"post","link":"https:\/\/serbenidorm.daliisolutions.com\/index.php\/2026\/03\/02\/la-nucia-empata-en-soneja-y-la-lucha-por-el-ascenso-se-aprieta\/","title":{"rendered":"La Nuc\u00eda empata en Soneja y la lucha por el ascenso se aprieta"},"content":{"rendered":" <p>La parte final de la temporada en el f\u00fatbol, tanto en la Tercera RFEF como en la Lliga Comunitat, se presenta tan apretada como emocionante, con La Nuc\u00eda y el Benidorm metidos de lleno en la lucha por sus respectivos objetivos.<\/p>  <p>Los del Guillermo Amor lograban este domingo una importante victoria por 3-0 en casa ante L\u2019Oller\u00eda sumando tres puntos preciosos para mantenerse en el liderato pese a la presi\u00f3n de un Eldense B que tampoco fall\u00f3 y que sigue en la segunda posici\u00f3n a s\u00f3lo dos puntos de los de Javier Vidales.<\/p>  <p>Por su parte, La Nuc\u00eda empat\u00f3 en su visita a Soneja arrancando un punto que aprieta todav\u00eda m\u00e1s la zona noble de la clasificaci\u00f3n, donde los rojillos ocupan la sexta posici\u00f3n con los mismos 38 puntos que el Villarreal C y el Ontinyent, cuarto y quinto, respectivamente.<\/p> ","protected":false},"excerpt":{"rendered":"<p>El Benidorm vence en casa y se mantiene l\u00edder pese a la presi\u00f3n del Eldense B<\/p>\n","protected":false},"author":0,"featured_media":22920,"comment_status":"","ping_status":"open","sticky":false,"template":"","format":"standard","meta":{"_acf_changed":false,"footnotes":""},"categories":[16],"tags":[],"class_list":["post-22919","post","type-post","status-publish","format-standard","has-post-thumbnail","hentry","category-deportes"],"acf":{"ser_id":"AQXMW7ZPNNHXBPVDIWE6BUEZMM","ser_url":"https:\/\/cadenaser.com\/comunitat-valenciana\/2026\/03\/02\/la-nucia-empata-en-soneja-y-la-lucha-por-el-ascenso-se-aprieta-radio-benidorm\/"},"_links":{"self":[{"href":"https:\/\/serbenidorm.daliisolutions.com\/index.php\/wp-json\/wp\/v2\/posts\/22919","targetHints":{"allow":["GET"]}}],"collection":[{"href":"https:\/\/serbenidorm.daliisolutions.com\/index.php\/wp-json\/wp\/v2\/posts"}],"about":[{"href":"https:\/\/serbenidorm.daliisolutions.com\/index.php\/wp-json\/wp\/v2\/types\/post"}],"replies":[{"embeddable":true,"href":"https:\/\/serbenidorm.daliisolutions.com\/index.php\/wp-json\/wp\/v2\/comments?post=22919"}],"version-history":[{"count":0,"href":"https:\/\/serbenidorm.daliisolutions.com\/index.php\/wp-json\/wp\/v2\/posts\/22919\/revisions"}],"wp:featuredmedia":[{"embeddable":true,"href":"https:\/\/serbenidorm.daliisolutions.com\/index.php\/wp-json\/wp\/v2\/media\/22920"}],"wp:attachment":[{"href":"https:\/\/serbenidorm.daliisolutions.com\/index.php\/wp-json\/wp\/v2\/media?parent=22919"}],"wp:term":[{"taxonomy":"category","embeddable":true,"href":"https:\/\/serbenidorm.daliisolutions.com\/index.php\/wp-json\/wp\/v2\/categories?post=22919"},{"taxonomy":"post_tag","embeddable":true,"href":"https:\/\/serbenidorm.daliisolutions.com\/index.php\/wp-json\/wp\/v2\/tags?post=22919"}],"curies":[{"name":"wp","href":"https:\/\/api.w.org\/{rel}","templated":true}]}}