{"id":22923,"date":"2026-03-02T13:16:05","date_gmt":"2026-03-02T12:16:05","guid":{"rendered":"https:\/\/serbenidorm.daliisolutions.com\/index.php\/2026\/03\/02\/benidorm-vuelve-a-reunir-a-los-mejores-dj-indiverso-celebrara-su-segunda-edicion-el-18-de-julio\/"},"modified":"2026-03-02T13:16:05","modified_gmt":"2026-03-02T12:16:05","slug":"benidorm-vuelve-a-reunir-a-los-mejores-dj-indiverso-celebrara-su-segunda-edicion-el-18-de-julio","status":"publish","type":"post","link":"https:\/\/serbenidorm.daliisolutions.com\/index.php\/2026\/03\/02\/benidorm-vuelve-a-reunir-a-los-mejores-dj-indiverso-celebrara-su-segunda-edicion-el-18-de-julio\/","title":{"rendered":"Benidorm vuelve a reunir a los mejores DJ: Indiverso celebrar\u00e1 su segunda edici\u00f3n el 18 de julio"},"content":{"rendered":" <p>El recinto SkyFest Benidorm albergar\u00e1 el pr\u00f3ximo 18 de julio la segunda edici\u00f3n del festival Indiverso, el evento de dj\u2019s de m\u00fasica y cultura indie que este a\u00f1o cambia de fechas y de ubicaci\u00f3n para \u201cpoder crecer en aforo y oferta y elevar la experiencia del p\u00fablico a una nueva dimensi\u00f3n\u201d. Los promotores del festival, <a href=\"https:\/\/indiversofest.es\/\" target=\"_blank\" rel=\"nofollow\" title=\"https:\/\/indiversofest.es\/\">cuyas entradas ya est\u00e1n disponibles en la web oficial del festival<\/a>, han presentado hoy todos los detalles de esta cita junto al concejal de Eventos, Jes\u00fas Carrobles, y el portavoz de SkyFest, Alex Frattini, en una rueda de prensa en la que han avanzado algunos de los nombres que formar\u00e1n parte del cartel.<\/p>  <blockquote class=\"instagram-media\" data-instgrm-captioned data-instgrm-permalink=\"https:\/\/www.instagram.com\/p\/DVYGwSdjAMH\/?utm_source=ig_embed&amp;utm_campaign=loading\" data-instgrm-version=\"14\" style=\"background:#FFF;border:0;border-radius:3px;margin: 1px;max-width:658px;min-width:326px;padding:0;width:99.375%;width:-webkit-calc(100% - 2px);width:calc(100% - 2px)\"><div style=\"padding:16px\"> <a href=\"https:\/\/www.instagram.com\/p\/DVYGwSdjAMH\/?utm_source=ig_embed&amp;utm_campaign=loading\" style=\"background:#FFFFFF;line-height:0;padding:0 0;text-align:center;text-decoration:none;width:100%\" target=\"_blank\"> <div style=\"flex-direction: row;align-items: center\"> <div style=\"background-color: #F4F4F4;border-radius: 50%;flex-grow: 0;height: 40px;margin-right: 14px;width: 40px\"><\/div> <div style=\"flex-direction: column;flex-grow: 1;justify-content: center\"> <div style=\"background-color: #F4F4F4;border-radius: 4px;flex-grow: 0;height: 14px;margin-bottom: 6px;width: 100px\"><\/div> <div style=\"background-color: #F4F4F4;border-radius: 4px;flex-grow: 0;height: 14px;width: 60px\"><\/div><\/div><\/div><div style=\"padding: 19% 0\"><\/div> <div style=\"height:50px;margin:0 auto 12px;width:50px\"><\/div><div style=\"padding-top: 8px\"> <div style=\"color:#3897f0;font-family:Arial,sans-serif;font-size:14px;font-style:normal;font-weight:550;line-height:18px\">View this post on Instagram<\/div><\/div><div style=\"padding: 12.5% 0\"><\/div> <div style=\"flex-direction: row;margin-bottom: 14px;align-items: center\"><div> <div style=\"background-color: #F4F4F4;border-radius: 50%;height: 12.5px;width: 12.5px\"><\/div> <div style=\"background-color: #F4F4F4;height: 12.5px;width: 12.5px;flex-grow: 0;margin-right: 14px;margin-left: 2px\"><\/div> <div style=\"background-color: #F4F4F4;border-radius: 50%;height: 12.5px;width: 12.5px\"><\/div><\/div><div style=\"margin-left: 8px\"> <div style=\"background-color: #F4F4F4;border-radius: 50%;flex-grow: 0;height: 20px;width: 20px\"><\/div> <div style=\"width: 0;height: 0;border-top: 2px solid transparent;border-left: 6px solid #f4f4f4;border-bottom: 2px solid transparent\"><\/div><\/div><div style=\"margin-left: auto\"> <div style=\"width: 0px;border-top: 8px solid #F4F4F4;border-right: 8px solid transparent\"><\/div> <div style=\"background-color: #F4F4F4;flex-grow: 0;height: 12px;width: 16px\"><\/div> <div style=\"width: 0;height: 0;border-top: 8px solid #F4F4F4;border-left: 8px solid transparent\"><\/div><\/div><\/div> <div style=\"flex-direction: column;flex-grow: 1;justify-content: center;margin-bottom: 24px\"> <div style=\"background-color: #F4F4F4;border-radius: 4px;flex-grow: 0;height: 14px;margin-bottom: 6px;width: 224px\"><\/div> <div style=\"background-color: #F4F4F4;border-radius: 4px;flex-grow: 0;height: 14px;width: 144px\"><\/div><\/div><\/a><\/div><\/blockquote>\n&lt;\/script&gt;  <p>As\u00ed, su CEO, Noel Moris, ha se\u00f1alado que este festival naci\u00f3 con el objetivo de \u201ccontar con los mejores dj\u2019s nacionales e internacionales, que act\u00faan en festivales y revientan clubes de baile\u201d, algo que este a\u00f1o se completar\u00e1 tambi\u00e9n con la incorporaci\u00f3n de bandas emergentes que actuar\u00e1n en directo. Entre ellos, adem\u00e1s, estar\u00e1n en la cabina dos artistas \u201cde la casa\u201d como son Miss Deep\u2019In, originaria de Benidorm y \u201ccuya sensibilidad electr\u00f3nica y elegante selecci\u00f3n sonora han convertido en una de las figuras emergentes m\u00e1s interesantes del panorama\u201d, y Lsangar, \u201creferente habitual de las cabinas locales y profundo conocedor del esp\u00edritu del festival\u201d. Con esta decisi\u00f3n, el evento no solo proyecta nombres nacionales e internacionales, sino que \u201creivindica el talento que nace y crece en Benidorm\u201d, consolidando su identidad como festival arraigado al territorio, como ha explicado Carlos L\u00f3pez, otro de los promotores.<\/p>  <p>A ellos tambi\u00e9n se suman David Van Bylen, Eme DJ y Maadraassoo, que estar\u00e1n en el escenario principal de Indiverso, en horario de 19 a 02.30 horas; y Sobrezero, T\u00fa Peleas Como una Vaca y Alay Dj, que lo har\u00e1n en el denominado \u2018Pool Stage\u2019, una de las novedades de este a\u00f1o, que funcionar\u00e1 entre las 12 y las 19 horas.<\/p>  <p>Asimismo, los organizadores han avanzado que en los pr\u00f3ximos d\u00edas se anunciar\u00e1 cartel una nueva confirmaci\u00f3n internacional, con la que conf\u00edan en completar \u201cun recorrido sonoro que va del indie m\u00e1s alternativo y rockero a los grandes himnos generacionales, reinterpretados en clave electr\u00f3nica y bailable\u201d.<\/p>  <p>Noel Moris ha explicado que \u201cIndiverso no es solo un festival m\u00e1s, hemos dado un salto muy r\u00e1pido pero s\u00f3lido, para ofrecer al p\u00fablico una experiencia m\u00e1s inmesiva, m\u00e1s veraniega, y para poder ampliar la oferta y el aforo, atrayendo no solo a p\u00fablico local sino tambi\u00e9n a gente que pase sus vacaciones de julio en Benidorm\u201d.<\/p>  <p>Adem\u00e1s de esta posibilidad de crecer, el traslado a SkyFest tambi\u00e9n permitir\u00e1 \u201cmejorar infraestructuras, ampliar aforo y reforzar la producci\u00f3n t\u00e9cnica, adaptando el evento a la temporada alta y consolid\u00e1ndose como una de las grandes citas indie del verano en Benidorm\u201d, completando la experiencia musical con el \u00e1rea de gastronom\u00eda y el resto de oferta que se podr\u00e1 encontrar en el recinto.<\/p>  <p>Indiverso mantendr\u00e1, adem\u00e1s, su compromiso social y medioambiental por el que ya apostaron en su primera edici\u00f3n, incorporando medidas sostenibles en el recinto y colaborando con iniciativas locales como la donaci\u00f3n de parte de la recaudaci\u00f3n al Centro Ocupacional Doble Amor. \u201cPara nosotros es un orgullo poder colaborar con ellos\u201d, ha manifestado Moris.<\/p>  <p>Por \u00faltimo, desde la organizaci\u00f3n han agradecido p\u00fablicamente al Ayuntamiento de Benidorm y al resto de colaboradores su apoyo para que Indiverso pueda continuar celebr\u00e1ndose, mientras que el portavoz de SkyFest se ha mostrado confiado en que este evento \u201csiga creciendo en los pr\u00f3ximos a\u00f1os hasta llegar al m\u00e1ximo de aforo, que son 25.000 personas\u201d.<\/p>  <p>Por su parte, el concejal de Eventos, Jes\u00fas Carrobles, ha deseado a Indiverso \u201cmuchos \u00e9xitos\u201d. El edil ha destacado que la incorporaci\u00f3n de este festival al recinto adjudicado en los campos de f\u00fatbol \u2018Hermanos Mart\u00ednez Munuera\u2019 pone en valor que \u201cla apuesta por el empresariado local es importante y tambi\u00e9n lo es que sea la gente de Benidorm la que apoye y entienda el proyecto que queremos desarrollar en el Skyfest\u201d, un proyecto que, ha agregado, \u201ces a largo plazo y va a ser muy positivo para Benidorm\u201d.<\/p>  <p>Asimismo, Carrobles ha recordado que una de las premisas del recinto es la de \u201cminimizar el ruido para molestar lo menos posible a los vecinos, con limitaci\u00f3n de sonido y de horarios\u201d y ha concluido afirmando que el recinto va a incorporar \u201cnovedades con respecto a lo que est\u00e1bamos acostumbrados en otros festivales, para hacerlo m\u00e1s c\u00f3modo para el p\u00fablico, inclusivo y accesible\u201d. <\/p> ","protected":false},"excerpt":{"rendered":"<p>El cartel del festival cuenta ya con nombres como David Van Baylen, Eme DJ o los benidormenses Miss Deep\u2019in y Lsangar<\/p>\n","protected":false},"author":0,"featured_media":22924,"comment_status":"","ping_status":"open","sticky":false,"template":"","format":"standard","meta":{"_acf_changed":false,"footnotes":""},"categories":[1],"tags":[],"class_list":["post-22923","post","type-post","status-publish","format-standard","has-post-thumbnail","hentry","category-sin-categoria"],"acf":{"ser_id":"CUZCHHUPZZBADETA7BQDRZYPZU","ser_url":"https:\/\/cadenaser.com\/comunitat-valenciana\/2026\/03\/02\/benidorm-vuelve-a-reunir-a-los-mejores-dj-el-festival-indiverso-celebrara-su-segunda-edicion-el-18-de-julio-radio-benidorm\/"},"_links":{"self":[{"href":"https:\/\/serbenidorm.daliisolutions.com\/index.php\/wp-json\/wp\/v2\/posts\/22923","targetHints":{"allow":["GET"]}}],"collection":[{"href":"https:\/\/serbenidorm.daliisolutions.com\/index.php\/wp-json\/wp\/v2\/posts"}],"about":[{"href":"https:\/\/serbenidorm.daliisolutions.com\/index.php\/wp-json\/wp\/v2\/types\/post"}],"replies":[{"embeddable":true,"href":"https:\/\/serbenidorm.daliisolutions.com\/index.php\/wp-json\/wp\/v2\/comments?post=22923"}],"version-history":[{"count":0,"href":"https:\/\/serbenidorm.daliisolutions.com\/index.php\/wp-json\/wp\/v2\/posts\/22923\/revisions"}],"wp:featuredmedia":[{"embeddable":true,"href":"https:\/\/serbenidorm.daliisolutions.com\/index.php\/wp-json\/wp\/v2\/media\/22924"}],"wp:attachment":[{"href":"https:\/\/serbenidorm.daliisolutions.com\/index.php\/wp-json\/wp\/v2\/media?parent=22923"}],"wp:term":[{"taxonomy":"category","embeddable":true,"href":"https:\/\/serbenidorm.daliisolutions.com\/index.php\/wp-json\/wp\/v2\/categories?post=22923"},{"taxonomy":"post_tag","embeddable":true,"href":"https:\/\/serbenidorm.daliisolutions.com\/index.php\/wp-json\/wp\/v2\/tags?post=22923"}],"curies":[{"name":"wp","href":"https:\/\/api.w.org\/{rel}","templated":true}]}}