{"id":22938,"date":"2026-03-02T18:46:32","date_gmt":"2026-03-02T17:46:32","guid":{"rendered":"https:\/\/serbenidorm.daliisolutions.com\/index.php\/2026\/03\/02\/cultura-estudia-abrir-en-villajoyosa-una-sede-del-centro-de-arqueologia-subacuatica-de-la-comunitat-valenciana\/"},"modified":"2026-03-02T18:46:32","modified_gmt":"2026-03-02T17:46:32","slug":"cultura-estudia-abrir-en-villajoyosa-una-sede-del-centro-de-arqueologia-subacuatica-de-la-comunitat-valenciana","status":"publish","type":"post","link":"https:\/\/serbenidorm.daliisolutions.com\/index.php\/2026\/03\/02\/cultura-estudia-abrir-en-villajoyosa-una-sede-del-centro-de-arqueologia-subacuatica-de-la-comunitat-valenciana\/","title":{"rendered":"Cultura estudia abrir en Villajoyosa una sede del Centro de Arqueolog\u00eda Subacu\u00e1tica de la Comunitat Valenciana"},"content":{"rendered":" <p>La consellera de Educaci\u00f3n, Cultura y Universidades, Carmen Ort\u00ed, ha visitado las instalaciones de VilaMuseu, en la Villajoyosa, donde ha trasladado que se est\u00e1 trabajando en la posible instalaci\u00f3n en la localidad de una nueva sede del Centro de Arqueolog\u00eda Subacu\u00e1tica de la Comunitat Valenciana (CSCV).<\/p>  <p>Adem\u00e1s, ha informado que la Conselleria ha concedido una ayuda de 111.862 euros a trav\u00e9s del Plan Restaura 2025 para la instalaci\u00f3n de un nuevo sistema para proteger el pecio Bou Ferrer, un importante ejemplo del patrimonio romano en la Comunitat Valenciana protegido como Bien de Inter\u00e9s Cultural (BIC) desde 2015.<\/p>  <p>En concreto, la iniciativa se alinea con los modelos m\u00e1s avanzados de gesti\u00f3n arqueol\u00f3gica subacu\u00e1tica, al combinar la protecci\u00f3n de los yacimientos originales con la generaci\u00f3n de un espacio seguro y controlado para la investigaci\u00f3n, adem\u00e1s de contar con un alto valor cient\u00edfico, formativo y de conservaci\u00f3n patrimonial.<\/p>  <p>Durante su visita a VilaMuseu, Ort\u00ed ha estado acompa\u00f1ada por el alcalde de la localidad, Marcos Zaragoza; la secretaria auton\u00f3mica de Cultura, Marta Alonso; y la directora general de Patrimonio Cultural, Blanca Camarena, en la que han abordado la colaboraci\u00f3n entre la Generalitat y el Ayuntamiento para proteger el excepcional patrimonio cultural con el que cuenta esta localidad.<\/p>  <p>As\u00ed, el hallazgo y posterior investigaci\u00f3n del Bou Ferrer ha convertido a la zona en un referente internacional para la arqueolog\u00eda subacu\u00e1tica, a lo que se suma adem\u00e1s, el hecho de que Villajoyosa conserva un conjunto notable de pecios vinculados a la Primera Guerra Mundial, resultado de los hundimientos producidos por los submarinos alemanes en el Mediterr\u00e1neo entre 1916 y 1918, un registro hist\u00f3rico \u00fanico sobre el conflicto naval en aguas espa\u00f1olas, as\u00ed como sobre la tecnolog\u00eda mar\u00edtima de comienzos del siglo XX.<\/p>  <p>\u201cLa combinaci\u00f3n de estos elementos sit\u00faa a Villajoyosa en un espacio natural privilegiado para la investigaci\u00f3n, la gesti\u00f3n y la formaci\u00f3n en arqueolog\u00eda subacu\u00e1tica\u201d, ha apuntado la consellera.<\/p>  <p>El pecio Bou Ferrer es un gran carguero romano datado a mediados del siglo I d. C., considerado uno de los mayores y mejor conservados del Mediterr\u00e1neo. Su cargamento -compuesto por miles de \u00e1nforas destinadas al transporte de salsas y derivados de pescado, as\u00ed como por lingotes de plomo con marcas imperiales, que aporta informaci\u00f3n excepcional sobre el comercio mar\u00edtimo, la producci\u00f3n metal\u00fargica b\u00e9tica y los circuitos econ\u00f3micos vinculados al entorno pol\u00edtico del emperador Ner\u00f3n.<\/p>  <p>En el 2017, la UNESCO incorpor\u00f3 al Registro de Buenas Pr\u00e1cticas del Patrimonio Cultural Subacu\u00e1tico el proyecto \u2018Un naufragio romano para la sociedad, el pecio Bou Ferrer\u2019. Asimismo, en 2025 la UNESCO ha renovado hasta 2029 el reconocimiento del pecio Bou Ferrer como modelo internacional de buenas pr\u00e1cticas del Patrimonio Cultural Subacu\u00e1tico, destacando la calidad del trabajo realizado en torno a su protecci\u00f3n, investigaci\u00f3n y gesti\u00f3n.<\/p>  <p>Cabe destacar que la protecci\u00f3n del Bou Ferrer como BIC ha permitido desarrollar proyectos de investigaci\u00f3n continuada en la zona, experiencias pioneras de divulgaci\u00f3n in situ y avances metodol\u00f3gicos en arqueolog\u00eda subacu\u00e1tica. De este modo, se ha convertido en un referente internacional en la gesti\u00f3n del patrimonio sumergido y en un ejemplo paradigm\u00e1tico de c\u00f3mo la investigaci\u00f3n cient\u00edfica puede articularse con las visitas.<\/p>  <p>De hecho, es el \u00fanico pecio romano visitable bajo el agua en Espa\u00f1a, y uno de los muy pocos en el mundo. Las visitas est\u00e1n reguladas y solo se realizan mediante inmersiones autorizadas y guiadas por arque\u00f3logos subacu\u00e1ticos.<\/p> ","protected":false},"excerpt":{"rendered":"<p>La Conselleria destina una ayuda de 111.862 euros a trav\u00e9s del Plan Restaura 2025 para la instalaci\u00f3n de un nuevo sistema de protecci\u00f3n del pecio Bou Ferrer, declarado BIC desde 2015<\/p>\n","protected":false},"author":0,"featured_media":22939,"comment_status":"","ping_status":"open","sticky":false,"template":"","format":"standard","meta":{"_acf_changed":false,"footnotes":""},"categories":[1],"tags":[],"class_list":["post-22938","post","type-post","status-publish","format-standard","has-post-thumbnail","hentry","category-sin-categoria"],"acf":{"ser_id":"VZ43OUHCNNH7VCDUSV6I4DQUAY","ser_url":"https:\/\/cadenaser.com\/comunitat-valenciana\/2026\/03\/02\/cultura-estudia-abrir-en-villajoyosa-una-sede-del-centro-de-arqueologia-subacuatica-de-la-comunitat-valenciana-radio-benidorm\/"},"_links":{"self":[{"href":"https:\/\/serbenidorm.daliisolutions.com\/index.php\/wp-json\/wp\/v2\/posts\/22938","targetHints":{"allow":["GET"]}}],"collection":[{"href":"https:\/\/serbenidorm.daliisolutions.com\/index.php\/wp-json\/wp\/v2\/posts"}],"about":[{"href":"https:\/\/serbenidorm.daliisolutions.com\/index.php\/wp-json\/wp\/v2\/types\/post"}],"replies":[{"embeddable":true,"href":"https:\/\/serbenidorm.daliisolutions.com\/index.php\/wp-json\/wp\/v2\/comments?post=22938"}],"version-history":[{"count":0,"href":"https:\/\/serbenidorm.daliisolutions.com\/index.php\/wp-json\/wp\/v2\/posts\/22938\/revisions"}],"wp:featuredmedia":[{"embeddable":true,"href":"https:\/\/serbenidorm.daliisolutions.com\/index.php\/wp-json\/wp\/v2\/media\/22939"}],"wp:attachment":[{"href":"https:\/\/serbenidorm.daliisolutions.com\/index.php\/wp-json\/wp\/v2\/media?parent=22938"}],"wp:term":[{"taxonomy":"category","embeddable":true,"href":"https:\/\/serbenidorm.daliisolutions.com\/index.php\/wp-json\/wp\/v2\/categories?post=22938"},{"taxonomy":"post_tag","embeddable":true,"href":"https:\/\/serbenidorm.daliisolutions.com\/index.php\/wp-json\/wp\/v2\/tags?post=22938"}],"curies":[{"name":"wp","href":"https:\/\/api.w.org\/{rel}","templated":true}]}}