{"id":22958,"date":"2026-03-03T13:51:25","date_gmt":"2026-03-03T12:51:25","guid":{"rendered":"https:\/\/serbenidorm.daliisolutions.com\/index.php\/2026\/03\/03\/benidorm-celebrara-por-primera-vez-el-ano-nuevo-chino-este-fin-de-semana\/"},"modified":"2026-03-03T13:51:25","modified_gmt":"2026-03-03T12:51:25","slug":"benidorm-celebrara-por-primera-vez-el-ano-nuevo-chino-este-fin-de-semana","status":"publish","type":"post","link":"https:\/\/serbenidorm.daliisolutions.com\/index.php\/2026\/03\/03\/benidorm-celebrara-por-primera-vez-el-ano-nuevo-chino-este-fin-de-semana\/","title":{"rendered":"Benidorm celebrar\u00e1 por primera vez el A\u00f1o Nuevo chino este fin de semana"},"content":{"rendered":" <p>La ciudad de Benidorm celebrar\u00e1 este pr\u00f3ximo fin de semana por primera vez en su historia el A\u00f1o Nuevo chino, el A\u00f1o del Caballo de Fuego. As\u00ed lo ha avanzado esta ma\u00f1ana la concejal de Fiestas, Maril\u00f3 Cebreros, que ha destacado que se trata de una festividad \u201cque simboliza energ\u00eda, dinamismo y nuevos comienzos, valores que encajan a la perfecci\u00f3n con el car\u00e1cter abierto y emprendedor de nuestra ciudad\u201d. Con la edil se encontraba en la presentaci\u00f3n la organizadora de los actos, Veline Ong, de la empresa Chino Rocket.<\/p>  <p>La programaci\u00f3n se desarrollar\u00e1, si el tiempo lo permite, en la Plaza de SS MM Reyes de Espa\u00f1a. Seg\u00fan ha desgranado la concejal de Fiestas, el viernes de 17 a 23 horas tendr\u00e1 lugar la apertura oficial con la inauguraci\u00f3n de los puestos culturales y gastron\u00f3micos, artesan\u00eda tradicional china, sellos conmemorativos y oferta de comida asi\u00e1tica aut\u00e9ntica.<\/p>  <p>Todos los actos est\u00e1n previstos al aire libre, <a href=\"https:\/\/cadenaser.com\/tag\/benidorm\/a\/\" target=\"_blank\" rel=\"nofollow\" title=\"https:\/\/cadenaser.com\/tag\/benidorm\/a\/\">aunque si no fuera posible debido a la climatolog\u00eda adversa se trasladar\u00edan a un recinto cerrado<\/a>. No obstante, ser\u00e1 el jueves cuando se tome la decisi\u00f3n.<\/p>  <p>El s\u00e1bado, desde las 10 a las 23 horas, se celebrar\u00e1 el d\u00eda principal. Por la ma\u00f1ana ser\u00e1 el desfile oficial desde el paseo de la playa de Levante hasta la plaza de SS MM Reyes de Espa\u00f1a. Despu\u00e9s tendr\u00e1 lugar la inauguraci\u00f3n institucional con representantes de la embajada de China y autoridades invitadas. \u201cA lo largo del d\u00eda habr\u00e1 alrededor de seis horas de actuaciones culturales, con danzas tradicionales, m\u00fasica y espect\u00e1culos visuales\u201d ha detallado Cebreros. El domingo 8, las actividades continuar\u00e1n de 10 a 19 horas y se celebrar\u00e1 la clausura oficial del evento. La concejal ha afirmado que esta celebraci\u00f3n \u201ces una oportunidad para reforzar la convivencia, el intercambio cultural y la proyecci\u00f3n internacional de Benidorm como ciudad abierta y diversa\u201d.<\/p>  <p>Veline Ong, por su parte, ha agradecido el apoyo brindado por el Ayuntamiento de Benidorm, \u201cya que es la primera vez que se hace esta celebraci\u00f3n aqu\u00ed\u201d y ha hecho lo propio con \u201clos patrocinadores y colaboradores que han dedicado mucho tiempo y esfuerzo para que este evento sea posible\u201d. Ong ha invitado \u201ca todo el mundo a formar parte de esta gran fiesta\u201d.<\/p>  <p>Por otro lado, Veline Ong ha avanzado que una productora va a realizar un v\u00eddeo promocional de la celebraci\u00f3n destinado al mercado chino. \u201cSe trata de que conozcan esta ciudad y vengan a visitarla\u201d ha dicho.<\/p> ","protected":false},"excerpt":{"rendered":"<p>El evento contar\u00e1 con puestos de gastronom\u00eda asi\u00e1tica, cultura, artesan\u00eda tradicional, sellos conmemorativos, m\u00fasica, un colorido desfile y espect\u00e1culos visuales <\/p>\n","protected":false},"author":0,"featured_media":22959,"comment_status":"","ping_status":"open","sticky":false,"template":"","format":"standard","meta":{"_acf_changed":false,"footnotes":""},"categories":[1],"tags":[],"class_list":["post-22958","post","type-post","status-publish","format-standard","has-post-thumbnail","hentry","category-sin-categoria"],"acf":{"ser_id":"L7OO2SPZ6RHMTI7M5BH3IQDRSY","ser_url":"https:\/\/cadenaser.com\/comunitat-valenciana\/2026\/03\/03\/benidorm-celebrara-por-primera-vez-el-ano-nuevo-chino-este-fin-de-semana-radio-benidorm\/"},"_links":{"self":[{"href":"https:\/\/serbenidorm.daliisolutions.com\/index.php\/wp-json\/wp\/v2\/posts\/22958","targetHints":{"allow":["GET"]}}],"collection":[{"href":"https:\/\/serbenidorm.daliisolutions.com\/index.php\/wp-json\/wp\/v2\/posts"}],"about":[{"href":"https:\/\/serbenidorm.daliisolutions.com\/index.php\/wp-json\/wp\/v2\/types\/post"}],"replies":[{"embeddable":true,"href":"https:\/\/serbenidorm.daliisolutions.com\/index.php\/wp-json\/wp\/v2\/comments?post=22958"}],"version-history":[{"count":0,"href":"https:\/\/serbenidorm.daliisolutions.com\/index.php\/wp-json\/wp\/v2\/posts\/22958\/revisions"}],"wp:featuredmedia":[{"embeddable":true,"href":"https:\/\/serbenidorm.daliisolutions.com\/index.php\/wp-json\/wp\/v2\/media\/22959"}],"wp:attachment":[{"href":"https:\/\/serbenidorm.daliisolutions.com\/index.php\/wp-json\/wp\/v2\/media?parent=22958"}],"wp:term":[{"taxonomy":"category","embeddable":true,"href":"https:\/\/serbenidorm.daliisolutions.com\/index.php\/wp-json\/wp\/v2\/categories?post=22958"},{"taxonomy":"post_tag","embeddable":true,"href":"https:\/\/serbenidorm.daliisolutions.com\/index.php\/wp-json\/wp\/v2\/tags?post=22958"}],"curies":[{"name":"wp","href":"https:\/\/api.w.org\/{rel}","templated":true}]}}