{"id":22993,"date":"2026-03-04T12:56:05","date_gmt":"2026-03-04T11:56:05","guid":{"rendered":"https:\/\/serbenidorm.daliisolutions.com\/index.php\/2026\/03\/04\/nuevo-incendio-interno-en-vox-dimite-la-numero-dos-del-partido-en-lalfas-del-pi\/"},"modified":"2026-03-04T12:56:05","modified_gmt":"2026-03-04T11:56:05","slug":"nuevo-incendio-interno-en-vox-dimite-la-numero-dos-del-partido-en-lalfas-del-pi","status":"publish","type":"post","link":"https:\/\/serbenidorm.daliisolutions.com\/index.php\/2026\/03\/04\/nuevo-incendio-interno-en-vox-dimite-la-numero-dos-del-partido-en-lalfas-del-pi\/","title":{"rendered":"Nuevo incendio interno en Vox: dimite la n\u00famero dos del partido en l\u2019Alf\u00e0s del Pi"},"content":{"rendered":" <p>La crisis interna de Vox en l\u2019Alf\u00e0s del Pi ha estallado p\u00fablicamente. All\u00ed, Mar\u00eda Jos\u00e9 Fuster, hasta ahora n\u00famero dos del grupo municipal de la formaci\u00f3n de ultraderecha en el Ayuntamiento, ha presentado su dimisi\u00f3n \u201cirrevocable\u201d como concejala y ha abandonado tambi\u00e9n sus responsabilidades org\u00e1nicas dentro del partido. Lo hace, seg\u00fan sus propias palabras, \u201cdesde la serenidad y con profunda tristeza\u201d, pero tras denunciar una situaci\u00f3n que asegura ha puesto en riesgo su salud y su dignidad.<\/p>  <p>En un comunicado remitido a los medios, Fuster responsabiliza directamente al portavoz del grupo municipal, Manuel Sanz, del deterioro de la convivencia interna y de un clima que describe como \u201chostil\u201d y \u201csostenido en el tiempo\u201d. La ya exedil afirma que durante el verano de 2025 asumi\u00f3 en solitario durante tres meses la representaci\u00f3n institucional del grupo, defendiendo, seg\u00fan explica, a los votantes de su formaci\u00f3n mientras su compa\u00f1ero no ejerc\u00eda esa labor con normalidad debido a unas ausencias que generaron una situaci\u00f3n que \u201clamentablemente, lejos de arreglarse se ha agravado, llegando a extremos de descalificaci\u00f3n personal y ruptura total de la colegialidad\u201d.<\/p>  <p>Entre los motivos que han precipitado su marcha, Fuster denuncia descalificaciones personales y profesionales. En su relato, asegura que el portavoz lleg\u00f3 a atribuir sus intervenciones y opiniones a una supuesta \u201cInteligencia Artificial\u201d, con la intenci\u00f3n de desacreditar su trabajo p\u00fablico, y que calific\u00f3 de \u201cparip\u00e9\u201d su labor en las Comisiones Informativas.<\/p>  <p>M\u00e1s all\u00e1 de la an\u00e9cdota, la exconcejal dibuja un escenario de menosprecio constante hacia su dedicaci\u00f3n institucional. Un contexto que, a su juicio, desvirt\u00faa el compromiso p\u00fablico y la responsabilidad que conlleva ocupar un acta en el Ayuntamiento.<\/p>  <p>La segunda raz\u00f3n que esgrime es de car\u00e1cter personal y sanitario. Fuster sostiene que el clima de tensi\u00f3n permanente ha derivado en un cuadro de ansiedad que ha afectado gravemente a su bienestar emocional. En su escrito es tajante: \u201cNing\u00fan cargo p\u00fablico justifica el coste de perder la paz mental\u201d.<\/p>  <p>La edil habla abiertamente de acoso laboral y moral dentro del propio grupo municipal, una acusaci\u00f3n de enorme gravedad que evidencia una fractura profunda en el seno de la formaci\u00f3n de extrema derecha en el municipio. Su salida vuelve a poner el foco sobre las din\u00e1micas internas de un partido que en diferentes territorios ha protagonizado episodios de crisis y enfrentamientos org\u00e1nicos.<\/p>  <p>Fuster tambi\u00e9n apela al respeto institucional como argumento para abandonar el acta. Seg\u00fan sostiene, no quiere ser c\u00f3mplice de pr\u00e1cticas pol\u00edticas que considera irresponsables, como ausencias injustificadas en debates de especial relevancia para la ciudadan\u00eda, entre ellos el de los Presupuestos Municipales.<\/p>  <p>En su comunicado, deja entrever que la falta de rendici\u00f3n de cuentas ante los votantes ha sido otro elemento determinante en su decisi\u00f3n. La exconcejal defiende que la representaci\u00f3n p\u00fablica exige presencia, trabajo y coherencia, y desliza que estos principios no se estaban cumpliendo dentro de su propio grupo.<\/p>  <p>Uno de los aspectos m\u00e1s llamativos de su denuncia es la referencia a la falta de amparo por parte de la estructura org\u00e1nica del partido. Fuster afirma que traslad\u00f3 la situaci\u00f3n a instancias superiores desde el mes de diciembre, solicitando mediaci\u00f3n ante el conflicto interno. Sin embargo, asegura que la \u00fanica respuesta fue el \u201csilencio\u201d y la apertura de un expediente en la comisi\u00f3n de garant\u00edas que, seg\u00fan indica, sigue sin resolverse.<\/p>  <p>La exedil interpreta esa inacci\u00f3n como una forma de desprotecci\u00f3n que la dej\u00f3 aislada frente a lo que define como un comportamiento reiterado de hostilidad. Un relato que cuestiona no solo el liderazgo local, sino tambi\u00e9n la capacidad de la organizaci\u00f3n para gestionar conflictos internos con transparencia y equidad.<\/p>  <p>Como \u00faltimo argumento, Fuster apela a la coherencia \u00e9tica. Afirma que decidi\u00f3 dar el paso a la pol\u00edtica con la voluntad de servir a sus vecinos desde la verdad y la transparencia, y que permanecer en el cargo en estas circunstancias supondr\u00eda validar actitudes que considera incompatibles con esos valores.<\/p>  <p>En la parte final de su comunicado, la ya exconcejal agradece el apoyo de los vecinos de l\u2019Alf\u00e0s del Pi que confiaron en ella en las urnas. Subraya que su renuncia pretende ser, precisamente, un gesto de respeto hacia quienes esperaban una representaci\u00f3n centrada en el inter\u00e9s general y no condicionada por luchas internas.<\/p>  <p>Tambi\u00e9n dedica palabras de reconocimiento al personal t\u00e9cnico y administrativo del Ayuntamiento, destacando su profesionalidad y su trato humano durante su etapa en la Corporaci\u00f3n. Asimismo, extiende su agradecimiento al resto de grupos pol\u00edticos municipales, con cuyos representantes, \u201cpese a las diferencias ideol\u00f3gicas\u201d, asegura haber mantenido una relaci\u00f3n de respeto institucional.<\/p> ","protected":false},"excerpt":{"rendered":"<p>Mar\u00eda Jos\u00e9 Fuster se\u00f1ala al portavoz municipal, Manuel Sanz, y acusa a la direcci\u00f3n del partido de mirar hacia otro lado ante un clima de hostilidad<\/p>\n","protected":false},"author":0,"featured_media":22994,"comment_status":"","ping_status":"open","sticky":false,"template":"","format":"standard","meta":{"_acf_changed":false,"footnotes":""},"categories":[1],"tags":[],"class_list":["post-22993","post","type-post","status-publish","format-standard","has-post-thumbnail","hentry","category-sin-categoria"],"acf":{"ser_id":"D5VOUOZV5ZETBJ3O64QSU7IN4U","ser_url":"https:\/\/cadenaser.com\/comunitat-valenciana\/2026\/03\/04\/nuevo-incendio-interno-en-vox-dimite-la-numero-dos-del-partido-en-lalfas-del-pi-radio-benidorm\/"},"_links":{"self":[{"href":"https:\/\/serbenidorm.daliisolutions.com\/index.php\/wp-json\/wp\/v2\/posts\/22993","targetHints":{"allow":["GET"]}}],"collection":[{"href":"https:\/\/serbenidorm.daliisolutions.com\/index.php\/wp-json\/wp\/v2\/posts"}],"about":[{"href":"https:\/\/serbenidorm.daliisolutions.com\/index.php\/wp-json\/wp\/v2\/types\/post"}],"replies":[{"embeddable":true,"href":"https:\/\/serbenidorm.daliisolutions.com\/index.php\/wp-json\/wp\/v2\/comments?post=22993"}],"version-history":[{"count":0,"href":"https:\/\/serbenidorm.daliisolutions.com\/index.php\/wp-json\/wp\/v2\/posts\/22993\/revisions"}],"wp:featuredmedia":[{"embeddable":true,"href":"https:\/\/serbenidorm.daliisolutions.com\/index.php\/wp-json\/wp\/v2\/media\/22994"}],"wp:attachment":[{"href":"https:\/\/serbenidorm.daliisolutions.com\/index.php\/wp-json\/wp\/v2\/media?parent=22993"}],"wp:term":[{"taxonomy":"category","embeddable":true,"href":"https:\/\/serbenidorm.daliisolutions.com\/index.php\/wp-json\/wp\/v2\/categories?post=22993"},{"taxonomy":"post_tag","embeddable":true,"href":"https:\/\/serbenidorm.daliisolutions.com\/index.php\/wp-json\/wp\/v2\/tags?post=22993"}],"curies":[{"name":"wp","href":"https:\/\/api.w.org\/{rel}","templated":true}]}}