{"id":23,"date":"2023-11-29T15:21:05","date_gmt":"2023-11-29T14:21:05","guid":{"rendered":"https:\/\/serbenidorm.daliisolutions.com\/index.php\/2023\/11\/29\/la-vila-joiosa-ya-tiene-cartel-y-portada-para-sus-moros-y-cristianos-2024\/"},"modified":"2023-11-29T15:21:05","modified_gmt":"2023-11-29T14:21:05","slug":"la-vila-joiosa-ya-tiene-cartel-y-portada-para-sus-moros-y-cristianos-2024","status":"publish","type":"post","link":"https:\/\/serbenidorm.daliisolutions.com\/index.php\/2023\/11\/29\/la-vila-joiosa-ya-tiene-cartel-y-portada-para-sus-moros-y-cristianos-2024\/","title":{"rendered":"La Vila Joiosa ya tiene cartel y portada para sus Moros y Cristianos 2024"},"content":{"rendered":" La Vila Joiosa  Las fiestas de Moros y Cristianos de La Vila del pr\u00f3ximo a\u00f1o ya tienen cartel anunciador e imagen para ilustrar la portada de la revista. Los socios festeros <a href=\"https:\/\/cadenaser.com\/tag\/vila_joiosa\/a\/\" target=\"_blank\" rel=\"noopener\">Joaquim Bald\u00f3<\/a> y <a href=\"https:\/\/cadenaser.com\/tag\/vila_joiosa\/a\/\" target=\"_blank\" rel=\"noopener\">Patrick Morghadi<\/a> son los autores ganadores de los concursos de la portada de la revista de fiestas y del cartel anunciado que organiza la <a href=\"https:\/\/cadenaser.com\/tag\/moros_y_cristianos\/a\/\" target=\"_blank\" rel=\"noopener\">Asociaci\u00f3n Santa Marta<\/a>.  El jurado se reuni\u00f3 el viernes para deliberar el fallo de ambos concursos. El Alcalde Marcos Zaragoza, el concejal de Fiestas, Jaime Santamar\u00eda, la presidenta de la Asociaci\u00f3n Santa Marta, Marta Mingot, y la socia festera designada por sorteo Mariola Jacinto formaron el jurado que ha decidido las obras ganadoras entre la selecci\u00f3n obtenida tras la votaci\u00f3n popular a cargo de los socios festeros.  <figure><img decoding=\"async\" src=\"https:\/\/cadenaser.com\/resizer\/M_wI8GrWSjQGMpX7o6O_g9OdBCk=\/650x650\/filters:quality(70)\/cloudfront-eu-central-1.images.arcpublishing.com\/prisaradio\/QOAJHHBWAZGCVEFCOHVK2JI25Q.jpg\" loading=\"lazy\" width=\"650\" height=\"650\" \/><figcaption class=\"fc\"><p><span>JOAQUIM FRANCESC<\/span><\/p><\/figcaption><\/figure><button>Ampliar<\/button>  La portada ganadora es reconocida con un premio de 500 euros y el cartel anunciador recibe un galard\u00f3n de 800 euros, que ser\u00e1n entregados a los autores en un pr\u00f3ximo evento organizado por la Asociaci\u00f3n Santa Marta.  <figure><img decoding=\"async\" src=\"https:\/\/cadenaser.com\/resizer\/aqKxuH61kmlEAaIj5hnpja83YM8=\/650x650\/filters:quality(70)\/cloudfront-eu-central-1.images.arcpublishing.com\/prisaradio\/NDJLXPZR6JG5HA4YG4EXZLKVAM.jpg\" loading=\"lazy\" width=\"650\" height=\"650\" \/><\/figure><button>Ampliar<\/button>  Las fiestas de Moros y Cristianos de La Vila Joiosa se celebran del 24 al 31 de julio y son fiestas de inter\u00e9s tur\u00edstico internacional desde el a\u00f1o 2003.  <div class=\"hd\"><p>Radio Benidorm<\/p><\/div><div class=\"lst lst-s\"><ul><li><div id=\"player-cadenaser_benidorm_hoyporhoybenidorm_20231129_122000_140000\" class=\"c-pl-a\"><button class=\"bt-pp\" data-audioid=\"cadenaser_benidorm_hoyporhoybenidorm_20231129_122000_140000\" data-type=\"aod\">Play<\/button><\/div><p title=\"Hoy por Hoy Benidorm (29\/11\/2023)\"><span>Hoy por Hoy Benidorm (29\/11\/2023)<\/span><span>01:40:00<!-- -->\u00a0|\u00a0<!-- -->Hoy por Hoy Benidorm<\/span><\/p><\/li><li><div id=\"player-1701090079280\" class=\"c-pl-a\"><button class=\"bt-pp\" data-audioid=\"1701090079280\" data-type=\"aod\">Play<\/button><\/div><p title=\"El secreto del punto del arroz con La Arrocer\u00eda de la Mejillonera en Benidorm\"><span>El secreto del punto del arroz con La Arrocer\u00eda de la Mejillonera en Benidorm<\/span><span>13:36<!-- -->\u00a0|\u00a0<!-- -->Hoy por Hoy Benidorm<\/span><\/p><\/li><li><div id=\"player-cadenaser_benidorm_hoyporhoymatinalbenidorm_20231129_082000_083000\" class=\"c-pl-a\"><button class=\"bt-pp\" data-audioid=\"cadenaser_benidorm_hoyporhoymatinalbenidorm_20231129_082000_083000\" data-type=\"aod\">Play<\/button><\/div><p title=\"Hoy por Hoy matinal Benidorm 8:20 (29\/11\/2023)\"><span>Hoy por Hoy matinal Benidorm 8:20 (29\/11\/2023)<\/span><span>10:00<!-- -->\u00a0|\u00a0<!-- -->Hoy por Hoy matinal Benidorm<\/span><\/p><\/li><li><div id=\"player-cadenaser_benidorm_hoyporhoymatinalbenidorm_20231129_072000_073000\" class=\"c-pl-a\"><button class=\"bt-pp\" data-audioid=\"cadenaser_benidorm_hoyporhoymatinalbenidorm_20231129_072000_073000\" data-type=\"aod\">Play<\/button><\/div><p title=\"Hoy por Hoy matinal Benidorm 7:20 (29\/11\/2023)\"><span>Hoy por Hoy matinal Benidorm 7:20 (29\/11\/2023)<\/span><span>10:00<!-- -->\u00a0|\u00a0<!-- -->Hoy por Hoy matinal Benidorm<\/span><\/p><\/li><li><div id=\"player-cadenaser_benidorm_laventanadelamarinabaixa_20231128_192000_194000\" class=\"c-pl-a\"><button class=\"bt-pp\" data-audioid=\"cadenaser_benidorm_laventanadelamarinabaixa_20231128_192000_194000\" data-type=\"aod\">Play<\/button><\/div><p title=\"La Ventana de la Marina Baixa (28\/11\/2023)\"><span>La Ventana de la Marina Baixa (28\/11\/2023)<\/span><span>20:00<!-- -->\u00a0|\u00a0<!-- -->La Ventana de la Marina Baixa<\/span><\/p><\/li><li><div id=\"player-cadenaser_benidorm_serdeportivosbenidorm_20231128_152000_160000\" class=\"c-pl-a\"><button class=\"bt-pp\" data-audioid=\"cadenaser_benidorm_serdeportivosbenidorm_20231128_152000_160000\" data-type=\"aod\">Play<\/button><\/div><p title=\"SER Deportivos Benidorm (28\/11\/2023)\"><span>SER Deportivos Benidorm (28\/11\/2023)<\/span><span>40:00<!-- -->\u00a0|\u00a0<!-- -->SER Deportivos Benidorm<\/span><\/p><\/li><li><div id=\"player-cadenaser_benidorm_hora14benidorm_20231128_141700_143000\" class=\"c-pl-a\"><button class=\"bt-pp\" data-audioid=\"cadenaser_benidorm_hora14benidorm_20231128_141700_143000\" data-type=\"aod\">Play<\/button><\/div><p title=\"Hora 14 Benidorm (28\/11\/2023)\"><span>Hora 14 Benidorm (28\/11\/2023)<\/span><span>13:00<!-- -->\u00a0|\u00a0<!-- -->Hora 14 Benidorm<\/span><\/p><\/li><li><div id=\"player-cadenaser_benidorm_hoyporhoybenidorm_20231128_122000_140000\" class=\"c-pl-a\"><button class=\"bt-pp\" data-audioid=\"cadenaser_benidorm_hoyporhoybenidorm_20231128_122000_140000\" data-type=\"aod\">Play<\/button><\/div><p title=\"Hoy por Hoy Benidorm (28\/11\/2023)\"><span>Hoy por Hoy Benidorm (28\/11\/2023)<\/span><span>01:40:00<!-- -->\u00a0|\u00a0<!-- -->Hoy por Hoy Benidorm<\/span><\/p><\/li><li><div id=\"player-1701175862565\" class=\"c-pl-a\"><button class=\"bt-pp\" data-audioid=\"1701175862565\" data-type=\"aod\">Play<\/button><\/div><p title=\"La Nuc\u00eda celebra su Feria de la Navidad del 1 al 3 de diciembre\"><span>La Nuc\u00eda celebra su Feria de la Navidad del 1 al 3 de diciembre<\/span><span>18:45<!-- -->\u00a0|\u00a0<!-- -->Hoy por Hoy Benidorm<\/span><\/p><\/li><li><div id=\"player-1701174842410\" class=\"c-pl-a\"><button class=\"bt-pp\" data-audioid=\"1701174842410\" data-type=\"aod\">Play<\/button><\/div><p title=\"Antonio Espinos nos cuenta la historia de una &quot;p\u00e1tera&quot; hallada en Allon,  la perla de la Marina Baixa\"><span>Antonio Espinos nos cuenta la historia de una &quot;p\u00e1tera&quot; hallada en Allon,  la perla de la Marina Baixa<\/span><span>21:27<!-- -->\u00a0|\u00a0<!-- -->Hoy por Hoy Benidorm<\/span><\/p><\/li><li><div id=\"player-1701174279553\" class=\"c-pl-a\"><button class=\"bt-pp\" data-audioid=\"1701174279553\" data-type=\"aod\">Play<\/button><\/div><p title=\"En Educando en Inclusi\u00f3n la maestra Sonia Montesinos nos habla sobre el uso racional de los elementos tecnol\u00f3gicos en la infancia y la adolescencia\"><span>En Educando en Inclusi\u00f3n la maestra Sonia Montesinos nos habla sobre el uso racional de los elementos tecnol\u00f3gicos en la infancia y la adolescencia<\/span><span>22:36<!-- -->\u00a0|\u00a0<!-- -->Hoy por Hoy Benidorm<\/span><\/p><\/li><li><div id=\"player-1701169563404\" class=\"c-pl-a\"><button class=\"bt-pp\" data-audioid=\"1701169563404\" data-type=\"aod\">Play<\/button><\/div><p title=\"La tertulia de La Ventana de la Marina Baixa (27\/11\/2023)\"><span>La tertulia de La Ventana de la Marina Baixa (27\/11\/2023)<\/span><span>39:36<!-- -->\u00a0|\u00a0<!-- -->La Ventana de la Marina Baixa<\/span><\/p><\/li><li><div id=\"player-cadenaser_benidorm_hoyporhoymatinalbenidorm_20231128_082000_083000\" class=\"c-pl-a\"><button class=\"bt-pp\" data-audioid=\"cadenaser_benidorm_hoyporhoymatinalbenidorm_20231128_082000_083000\" data-type=\"aod\">Play<\/button><\/div><p title=\"Hoy por Hoy matinal Benidorm 8:20 (28\/11\/2023)\"><span>Hoy por Hoy matinal Benidorm 8:20 (28\/11\/2023)<\/span><span>10:00<!-- -->\u00a0|\u00a0<!-- -->Hoy por Hoy matinal Benidorm<\/span><\/p><\/li><li><div id=\"player-cadenaser_benidorm_hoyporhoymatinalbenidorm_20231128_072000_073000\" class=\"c-pl-a\"><button class=\"bt-pp\" data-audioid=\"cadenaser_benidorm_hoyporhoymatinalbenidorm_20231128_072000_073000\" data-type=\"aod\">Play<\/button><\/div><p title=\"Hoy por Hoy matinal Benidorm 7:20 (28\/11\/2023)\"><span>Hoy por Hoy matinal Benidorm 7:20 (28\/11\/2023)<\/span><span>10:00<!-- -->\u00a0|\u00a0<!-- -->Hoy por Hoy matinal Benidorm<\/span><\/p><\/li><li><div id=\"player-cadenaser_benidorm_laventanadelamarinabaixa_20231127_192000_194000\" class=\"c-pl-a\"><button class=\"bt-pp\" data-audioid=\"cadenaser_benidorm_laventanadelamarinabaixa_20231127_192000_194000\" data-type=\"aod\">Play<\/button><\/div><p title=\"La Ventana de la Marina Baixa (27\/11\/2023)\"><span>La Ventana de la Marina Baixa (27\/11\/2023)<\/span><span>20:00<!-- -->\u00a0|\u00a0<!-- -->La Ventana de la Marina Baixa<\/span><\/p><\/li><\/ul><\/div> ","protected":false},"excerpt":{"rendered":"<p>Los autores son Joaquim Bald\u00f3 y Patrick Morghadi <\/p>\n","protected":false},"author":0,"featured_media":24,"comment_status":"open","ping_status":"open","sticky":false,"template":"","format":"standard","meta":{"_acf_changed":false,"footnotes":""},"categories":[1],"tags":[],"class_list":["post-23","post","type-post","status-publish","format-standard","has-post-thumbnail","hentry","category-sin-categoria"],"acf":{"ser_id":"CKEIVCLC4VD7XINC5GE2WFIAUU","ser_url":""},"_links":{"self":[{"href":"https:\/\/serbenidorm.daliisolutions.com\/index.php\/wp-json\/wp\/v2\/posts\/23","targetHints":{"allow":["GET"]}}],"collection":[{"href":"https:\/\/serbenidorm.daliisolutions.com\/index.php\/wp-json\/wp\/v2\/posts"}],"about":[{"href":"https:\/\/serbenidorm.daliisolutions.com\/index.php\/wp-json\/wp\/v2\/types\/post"}],"replies":[{"embeddable":true,"href":"https:\/\/serbenidorm.daliisolutions.com\/index.php\/wp-json\/wp\/v2\/comments?post=23"}],"version-history":[{"count":0,"href":"https:\/\/serbenidorm.daliisolutions.com\/index.php\/wp-json\/wp\/v2\/posts\/23\/revisions"}],"wp:featuredmedia":[{"embeddable":true,"href":"https:\/\/serbenidorm.daliisolutions.com\/index.php\/wp-json\/wp\/v2\/media\/24"}],"wp:attachment":[{"href":"https:\/\/serbenidorm.daliisolutions.com\/index.php\/wp-json\/wp\/v2\/media?parent=23"}],"wp:term":[{"taxonomy":"category","embeddable":true,"href":"https:\/\/serbenidorm.daliisolutions.com\/index.php\/wp-json\/wp\/v2\/categories?post=23"},{"taxonomy":"post_tag","embeddable":true,"href":"https:\/\/serbenidorm.daliisolutions.com\/index.php\/wp-json\/wp\/v2\/tags?post=23"}],"curies":[{"name":"wp","href":"https:\/\/api.w.org\/{rel}","templated":true}]}}