{"id":23014,"date":"2026-03-05T12:32:24","date_gmt":"2026-03-05T11:32:24","guid":{"rendered":"https:\/\/serbenidorm.daliisolutions.com\/index.php\/2026\/03\/05\/la-aitana-tour-cumple-cinco-anos-asentada-como-la-marcha-de-referencia-en-espana\/"},"modified":"2026-03-05T12:32:24","modified_gmt":"2026-03-05T11:32:24","slug":"la-aitana-tour-cumple-cinco-anos-asentada-como-la-marcha-de-referencia-en-espana","status":"publish","type":"post","link":"https:\/\/serbenidorm.daliisolutions.com\/index.php\/2026\/03\/05\/la-aitana-tour-cumple-cinco-anos-asentada-como-la-marcha-de-referencia-en-espana\/","title":{"rendered":"La Aitana Tour cumple cinco a\u00f1os asentada como \u2018La Marcha\u2019 de referencia en Espa\u00f1a"},"content":{"rendered":" <p>Los pr\u00f3ximos d\u00edas 30 y 31 de mayo Callosa d\u2019en Sarri\u00e0 acoger\u00e1 una nueva edici\u00f3n, la quinta, de la Aitana Tour, una marcha cicloturista que en su todav\u00eda corta historia ya se ha erigido como una de las citas de referencia del calendario ciclista popular de Espa\u00f1a y de Europa.<\/p>  <p>La prueba, que ser\u00e1 presentada este viernes en el Hotel Albir Playa, volver\u00e1 a apostar por un doble recorrido de 100 y 165 kil\u00f3metros con desniveles positivos acumulados de 1.900 y 3.350 metros, respectivamente. Unos trazados que, gracias a la impresionante orograf\u00eda del interior de la comarca de la Marina Baixa y de la provincia de Alicante, permitir\u00e1 a los corredores transitar por puertos m\u00edticos que han servido para escribir p\u00e1ginas hist\u00f3ricas de pruebas de primer nivel como la Vuelta a Espa\u00f1a.<\/p>  <p>Las cimas de Tudons, Confrides, Sa Creueta y Coll de Rates ser\u00e1n el plato fuerte de una jornada que, como han explicado los organizadores en SER Deportivos, volver\u00e1 a ser una gran fiesta del cicloturismo. <\/p> ","protected":false},"excerpt":{"rendered":"<p>La gran cita cicloturista de la Costa Blanca volver\u00e1 a recorrer la provincia los d\u00edas 30 y 31 de mayo<\/p>\n","protected":false},"author":0,"featured_media":23015,"comment_status":"","ping_status":"open","sticky":false,"template":"","format":"standard","meta":{"_acf_changed":false,"footnotes":""},"categories":[16],"tags":[],"class_list":["post-23014","post","type-post","status-publish","format-standard","has-post-thumbnail","hentry","category-deportes"],"acf":{"ser_id":"22YCC55HEZCQTAJKXNDRMVOT7U","ser_url":"https:\/\/cadenaser.com\/comunitat-valenciana\/2026\/03\/05\/la-aitana-tour-cumple-cinco-anos-asentada-como-la-marcha-de-referencia-en-espana-radio-benidorm\/"},"_links":{"self":[{"href":"https:\/\/serbenidorm.daliisolutions.com\/index.php\/wp-json\/wp\/v2\/posts\/23014","targetHints":{"allow":["GET"]}}],"collection":[{"href":"https:\/\/serbenidorm.daliisolutions.com\/index.php\/wp-json\/wp\/v2\/posts"}],"about":[{"href":"https:\/\/serbenidorm.daliisolutions.com\/index.php\/wp-json\/wp\/v2\/types\/post"}],"replies":[{"embeddable":true,"href":"https:\/\/serbenidorm.daliisolutions.com\/index.php\/wp-json\/wp\/v2\/comments?post=23014"}],"version-history":[{"count":0,"href":"https:\/\/serbenidorm.daliisolutions.com\/index.php\/wp-json\/wp\/v2\/posts\/23014\/revisions"}],"wp:featuredmedia":[{"embeddable":true,"href":"https:\/\/serbenidorm.daliisolutions.com\/index.php\/wp-json\/wp\/v2\/media\/23015"}],"wp:attachment":[{"href":"https:\/\/serbenidorm.daliisolutions.com\/index.php\/wp-json\/wp\/v2\/media?parent=23014"}],"wp:term":[{"taxonomy":"category","embeddable":true,"href":"https:\/\/serbenidorm.daliisolutions.com\/index.php\/wp-json\/wp\/v2\/categories?post=23014"},{"taxonomy":"post_tag","embeddable":true,"href":"https:\/\/serbenidorm.daliisolutions.com\/index.php\/wp-json\/wp\/v2\/tags?post=23014"}],"curies":[{"name":"wp","href":"https:\/\/api.w.org\/{rel}","templated":true}]}}