{"id":23017,"date":"2026-03-05T13:20:39","date_gmt":"2026-03-05T12:20:39","guid":{"rendered":"https:\/\/serbenidorm.daliisolutions.com\/index.php\/2026\/03\/05\/accidente-en-villajoyosa-un-coche-cae-desde-un-puente-a-las-vias-del-tram\/"},"modified":"2026-03-05T13:20:39","modified_gmt":"2026-03-05T12:20:39","slug":"accidente-en-villajoyosa-un-coche-cae-desde-un-puente-a-las-vias-del-tram","status":"publish","type":"post","link":"https:\/\/serbenidorm.daliisolutions.com\/index.php\/2026\/03\/05\/accidente-en-villajoyosa-un-coche-cae-desde-un-puente-a-las-vias-del-tram\/","title":{"rendered":"Accidente en Villajoyosa: un coche cae desde un puente a las v\u00edas del Tram"},"content":{"rendered":" <p>Un veh\u00edculo se ha precipitado este jueves por la ma\u00f1ana desde un puente a las v\u00edas del Tram a su paso por la zona de Mont\u00edboli, en Villajoyosa, por causas que todav\u00eda se desconocen. <\/p>  <p>Desde el Consorcio Provincial de Bomberos de Alicante (CPBA) han explicado c\u00f3mo a su llegada el conductor del veh\u00edculo hab\u00eda salido por su propio pie tras el accidente. <\/p>  <p>El coche quedaba en las v\u00edas y <a href=\"https:\/\/cadenaser.com\/tag\/benidorm\/a\/\" target=\"_blank\" rel=\"nofollow\" title=\"https:\/\/cadenaser.com\/tag\/benidorm\/a\/\">el siguiente Tram que cubr\u00eda la l\u00ednea lo pudo detectar frenando casi completamente, aunque ha llegado a colisionar con el veh\u00edculo con un golpe leve<\/a>. <\/p>  <p>Al chocar se ha desprendido adem\u00e1s una barrera de la v\u00eda y se ha acondicionado inmediatamente el terreno con todas las medidas de seguridad provisionales.<\/p>  <p>En este momento los trabajos de las dotaciones de bomberos desplazadas desde el parque de Benidorm se centran en la retirada del veh\u00edculo para poder retomar el tr\u00e1fico en la v\u00eda mientras el servicio de TRAM ha habilitado un servicio alternativo de autob\u00fas para su L\u00ednea 1 entre El Campello y Creueta. <\/p> ","protected":false},"excerpt":{"rendered":"<p>El tranv\u00eda ha arrollado despu\u00e9s al veh\u00edculo ya vac\u00edo y nadie ha resultado herido<\/p>\n","protected":false},"author":0,"featured_media":23018,"comment_status":"","ping_status":"open","sticky":false,"template":"","format":"standard","meta":{"_acf_changed":false,"footnotes":""},"categories":[1],"tags":[],"class_list":["post-23017","post","type-post","status-publish","format-standard","has-post-thumbnail","hentry","category-sin-categoria"],"acf":{"ser_id":"64BZYG74UBDWPNTT2UWK6KTDU4","ser_url":"https:\/\/cadenaser.com\/comunitat-valenciana\/2026\/03\/05\/accidente-en-villajoyosa-un-coche-cae-desde-un-puente-a-las-vias-del-tram-radio-benidorm\/"},"_links":{"self":[{"href":"https:\/\/serbenidorm.daliisolutions.com\/index.php\/wp-json\/wp\/v2\/posts\/23017","targetHints":{"allow":["GET"]}}],"collection":[{"href":"https:\/\/serbenidorm.daliisolutions.com\/index.php\/wp-json\/wp\/v2\/posts"}],"about":[{"href":"https:\/\/serbenidorm.daliisolutions.com\/index.php\/wp-json\/wp\/v2\/types\/post"}],"replies":[{"embeddable":true,"href":"https:\/\/serbenidorm.daliisolutions.com\/index.php\/wp-json\/wp\/v2\/comments?post=23017"}],"version-history":[{"count":0,"href":"https:\/\/serbenidorm.daliisolutions.com\/index.php\/wp-json\/wp\/v2\/posts\/23017\/revisions"}],"wp:featuredmedia":[{"embeddable":true,"href":"https:\/\/serbenidorm.daliisolutions.com\/index.php\/wp-json\/wp\/v2\/media\/23018"}],"wp:attachment":[{"href":"https:\/\/serbenidorm.daliisolutions.com\/index.php\/wp-json\/wp\/v2\/media?parent=23017"}],"wp:term":[{"taxonomy":"category","embeddable":true,"href":"https:\/\/serbenidorm.daliisolutions.com\/index.php\/wp-json\/wp\/v2\/categories?post=23017"},{"taxonomy":"post_tag","embeddable":true,"href":"https:\/\/serbenidorm.daliisolutions.com\/index.php\/wp-json\/wp\/v2\/tags?post=23017"}],"curies":[{"name":"wp","href":"https:\/\/api.w.org\/{rel}","templated":true}]}}