{"id":23021,"date":"2026-03-05T14:26:27","date_gmt":"2026-03-05T13:26:27","guid":{"rendered":"https:\/\/serbenidorm.daliisolutions.com\/index.php\/2026\/03\/05\/costa-sonora-presenta-un-cartel-de-lujo-para-dos-dias-de-la-mejor-musica-urbana\/"},"modified":"2026-03-05T14:26:27","modified_gmt":"2026-03-05T13:26:27","slug":"costa-sonora-presenta-un-cartel-de-lujo-para-dos-dias-de-la-mejor-musica-urbana","status":"publish","type":"post","link":"https:\/\/serbenidorm.daliisolutions.com\/index.php\/2026\/03\/05\/costa-sonora-presenta-un-cartel-de-lujo-para-dos-dias-de-la-mejor-musica-urbana\/","title":{"rendered":"Costa Sonora presenta un cartel de lujo para dos d\u00edas de la mejor m\u00fasica urbana"},"content":{"rendered":" <p>La ciudad de Alicante se prepara para acoger la segunda edici\u00f3n del Costa Sonora los pr\u00f3ximos d\u00edas 3 y 4 de abril, una cita que ya ha vendido m\u00e1s de 5.000 entradas a falta de un mes para su celebraci\u00f3n. Las previsiones de la organizaci\u00f3n apuntan a que el evento superar\u00e1 los datos de asistencia de su primera edici\u00f3n, confirmando la gran expectaci\u00f3n generada entre el p\u00fablico joven de toda Espa\u00f1a.<\/p>  <p>El festival ha anunciado adem\u00e1s la distribuci\u00f3n por d\u00edas de su cartel y la salida a la venta de entradas individuales para cada jornada, una modalidad que permitir\u00e1 al p\u00fablico elegir en qu\u00e9 d\u00eda asistir y formar parte de una experiencia que combina m\u00fasica, cultura urbana y ocio en un entorno privilegiado junto al Mediterr\u00e1neo.<\/p>  <p>El cartel de esta segunda edici\u00f3n re\u00fane a m\u00e1s de treinta artistas entre nombres consolidados y nuevas promesas de la escena urbana, con estilos que van desde el trap y el reggaeton hasta el rap y los nuevos sonidos del panorama musical.<\/p>  <p>La jornada del viernes 3 de abril estar\u00e1 encabezada por Kidd Keo, uno de los nombres m\u00e1s influyentes del trap nacional. Junto a \u00e9l actuar\u00e1n artistas como La Pantera, D. Valentino y Metrika, representantes de una nueva generaci\u00f3n que est\u00e1 marcando la evoluci\u00f3n del sonido urbano en Espa\u00f1a.<\/p>  <p>El cartel de ese primer d\u00eda tambi\u00e9n contar\u00e1 con actuaciones de Lewis Potter, Micko YS, Zenyi y el d\u00fao Yeiko x Toni, entre otros nombres que completan una jornada pensada para arrancar el festival con la m\u00e1xima intensidad.<\/p>  <p>El s\u00e1bado 4 de abril tomar\u00e1 el relevo un cartel liderado por Yung Beef, pionero del trap en espa\u00f1ol y una de las figuras clave del movimiento underground. Junto a \u00e9l estar\u00e1n artistas destacados como MVRK, Soge Culebra y el d\u00fao Funzo &amp; Baby Loud \u2014representado en el cartel por Funzo\u2014, adem\u00e1s de Lorna, configurando una jornada final cargada de potencia y conexi\u00f3n con el p\u00fablico.<\/p>  <p>Uno de los pilares del festival vuelve a ser el proyecto Costa Emergentes, una iniciativa que busca impulsar a nuevos artistas del panorama urbano y ofrecerles la oportunidad de actuar en el propio evento.<\/p>  <p>En esta edici\u00f3n se han presentado m\u00e1s de 50 participantes, generando una gran movilizaci\u00f3n en redes y entre la comunidad musical. La final del concurso ha superado los 12.000 votos, mientras que el proceso completo ha acumulado m\u00e1s de 100.000 votos, consolidando la propuesta como una aut\u00e9ntica plataforma de lanzamiento para nuevos talentos.<\/p>  <p>El ganador de este a\u00f1o ha sido el artista emergente Chacoma, que actuar\u00e1 en el festival formando parte del cartel oficial.<\/p>  <p>Adem\u00e1s, otros nombres emergentes como Sweetwave, junto a Lewis Potter, Zenyi y Micko, tambi\u00e9n tendr\u00e1n presencia en el escenario, reforzando el compromiso del evento con la nueva escena musical.<\/p>  <p>El cartel se completa con la participaci\u00f3n de varios DJ que se encargar\u00e1n de mantener la m\u00fasica durante todo el fin de semana. Entre ellos estar\u00e1n Alex Selas, Tiger, Msbt, La Trampa, Dani Yllana, Vukko y Dani Groove.<\/p>  <p>El festival tambi\u00e9n apostar\u00e1 por una experiencia completa para los asistentes, incorporando una amplia zona gastron\u00f3mica con foodtrucks y diferentes propuestas culinarias. Entre las opciones disponibles habr\u00e1 hamburguesas, hot dogs, cocina mexicana, s\u00e1ndwiches brioche o especialidades de pollo, entre otras alternativas.<\/p> ","protected":false},"excerpt":{"rendered":"<p>El festival se celebrar\u00e1 los d\u00edas 3 y 4 de abril y ya ha superado las 5.000 entradas vendidas<\/p>\n","protected":false},"author":0,"featured_media":23022,"comment_status":"","ping_status":"open","sticky":false,"template":"","format":"standard","meta":{"_acf_changed":false,"footnotes":""},"categories":[1],"tags":[],"class_list":["post-23021","post","type-post","status-publish","format-standard","has-post-thumbnail","hentry","category-sin-categoria"],"acf":{"ser_id":"E2XSTQF2LZECNPWD7TMMUANZRE","ser_url":"https:\/\/cadenaser.com\/comunitat-valenciana\/2026\/03\/05\/costa-sonora-presenta-un-cartel-de-lujo-para-dos-dias-de-la-mejor-musica-urbana-radio-benidorm\/"},"_links":{"self":[{"href":"https:\/\/serbenidorm.daliisolutions.com\/index.php\/wp-json\/wp\/v2\/posts\/23021","targetHints":{"allow":["GET"]}}],"collection":[{"href":"https:\/\/serbenidorm.daliisolutions.com\/index.php\/wp-json\/wp\/v2\/posts"}],"about":[{"href":"https:\/\/serbenidorm.daliisolutions.com\/index.php\/wp-json\/wp\/v2\/types\/post"}],"replies":[{"embeddable":true,"href":"https:\/\/serbenidorm.daliisolutions.com\/index.php\/wp-json\/wp\/v2\/comments?post=23021"}],"version-history":[{"count":0,"href":"https:\/\/serbenidorm.daliisolutions.com\/index.php\/wp-json\/wp\/v2\/posts\/23021\/revisions"}],"wp:featuredmedia":[{"embeddable":true,"href":"https:\/\/serbenidorm.daliisolutions.com\/index.php\/wp-json\/wp\/v2\/media\/23022"}],"wp:attachment":[{"href":"https:\/\/serbenidorm.daliisolutions.com\/index.php\/wp-json\/wp\/v2\/media?parent=23021"}],"wp:term":[{"taxonomy":"category","embeddable":true,"href":"https:\/\/serbenidorm.daliisolutions.com\/index.php\/wp-json\/wp\/v2\/categories?post=23021"},{"taxonomy":"post_tag","embeddable":true,"href":"https:\/\/serbenidorm.daliisolutions.com\/index.php\/wp-json\/wp\/v2\/tags?post=23021"}],"curies":[{"name":"wp","href":"https:\/\/api.w.org\/{rel}","templated":true}]}}