{"id":23045,"date":"2026-03-06T10:48:54","date_gmt":"2026-03-06T09:48:54","guid":{"rendered":"https:\/\/serbenidorm.daliisolutions.com\/index.php\/2026\/03\/06\/el-balonmano-servigroup-benidorm-viaja-a-alicante-para-un-derbi-de-altura\/"},"modified":"2026-03-06T10:48:54","modified_gmt":"2026-03-06T09:48:54","slug":"el-balonmano-servigroup-benidorm-viaja-a-alicante-para-un-derbi-de-altura","status":"publish","type":"post","link":"https:\/\/serbenidorm.daliisolutions.com\/index.php\/2026\/03\/06\/el-balonmano-servigroup-benidorm-viaja-a-alicante-para-un-derbi-de-altura\/","title":{"rendered":"El Balonmano Servigroup Benidorm viaja a Alicante para un derbi de altura"},"content":{"rendered":" <p>El Balonmano Servigroup Benidorm y la Fundaci\u00f3n Agustinos de Alicante protagonizar\u00e1n este s\u00e1bado (19:00 horas) uno de los partidos m\u00e1s calientes de la 23\u00aa jornada de la Divisi\u00f3n de Honor Plata masculina de balonmano. Un choque de alto voltaje no s\u00f3lo por suponer un derbi provincial entre dos rivales hist\u00f3ricos, sino porque la posici\u00f3n de ambos en la clasificaci\u00f3n convierte este enfrentamiento directo en un partido clave en sus respectivas aspiraciones.<\/p>  <p>Los alicantinos marchan en la tercera posici\u00f3n con cinco puntos m\u00e1s que un Balonmano Servigroup Benidorm que, tras el empate del pasado fin de semana ante el Blendio Sinf\u00edn c\u00e1ntabro, quiere ahora confirmar la mejor\u00eda evidenciada en aquel enfrentamiento a costa de un Agustinos que viene de caer ante Cisne (28-26) en una de las muchas sorpresas que nos dej\u00f3 la 22\u00aa jornada.<\/p>  <p>Los benidormenses siguen arrastrando bajas sensibles, pero desde el grupo se conf\u00eda en que el trabajo realizado durante los \u00faltimos d\u00edas se convierta en una vuelta a la senda de la victoria y, de esta manera, sumar dos puntos vitales para mantenerse en la pelea por estar en ese top5 que a final de temporada supone el pasaporte a la fase de ascenso a la liga Asobal.<\/p>  <p>En la primera vuelta, los de Alejandro Cutanda se impusieron en el Palau en un ajustad\u00edsimo partido que se resolvi\u00f3 por un solo gol de diferencia (26-25) y que supuso el inicio del momento m\u00e1s delicado de toda la temporada para un conjunto alicantino que, en aquel momento, ocupaba el liderato de la clasificaci\u00f3n.<\/p> ","protected":false},"excerpt":{"rendered":"<p>El equipo del Palau d\u2019Esports busca confirmar la mejor\u00eda mostrada la pasada semana venciendo a Agustinos en su casa<\/p>\n","protected":false},"author":0,"featured_media":23046,"comment_status":"","ping_status":"open","sticky":false,"template":"","format":"standard","meta":{"_acf_changed":false,"footnotes":""},"categories":[16],"tags":[],"class_list":["post-23045","post","type-post","status-publish","format-standard","has-post-thumbnail","hentry","category-deportes"],"acf":{"ser_id":"2OSKDSTYIVCSNIZVHKRDBCYYSM","ser_url":"https:\/\/cadenaser.com\/comunitat-valenciana\/2026\/03\/06\/el-balonmano-servigroup-benidorm-viaja-a-alicante-para-un-derbi-de-altura-radio-benidorm\/"},"_links":{"self":[{"href":"https:\/\/serbenidorm.daliisolutions.com\/index.php\/wp-json\/wp\/v2\/posts\/23045","targetHints":{"allow":["GET"]}}],"collection":[{"href":"https:\/\/serbenidorm.daliisolutions.com\/index.php\/wp-json\/wp\/v2\/posts"}],"about":[{"href":"https:\/\/serbenidorm.daliisolutions.com\/index.php\/wp-json\/wp\/v2\/types\/post"}],"replies":[{"embeddable":true,"href":"https:\/\/serbenidorm.daliisolutions.com\/index.php\/wp-json\/wp\/v2\/comments?post=23045"}],"version-history":[{"count":0,"href":"https:\/\/serbenidorm.daliisolutions.com\/index.php\/wp-json\/wp\/v2\/posts\/23045\/revisions"}],"wp:featuredmedia":[{"embeddable":true,"href":"https:\/\/serbenidorm.daliisolutions.com\/index.php\/wp-json\/wp\/v2\/media\/23046"}],"wp:attachment":[{"href":"https:\/\/serbenidorm.daliisolutions.com\/index.php\/wp-json\/wp\/v2\/media?parent=23045"}],"wp:term":[{"taxonomy":"category","embeddable":true,"href":"https:\/\/serbenidorm.daliisolutions.com\/index.php\/wp-json\/wp\/v2\/categories?post=23045"},{"taxonomy":"post_tag","embeddable":true,"href":"https:\/\/serbenidorm.daliisolutions.com\/index.php\/wp-json\/wp\/v2\/tags?post=23045"}],"curies":[{"name":"wp","href":"https:\/\/api.w.org\/{rel}","templated":true}]}}