{"id":23047,"date":"2026-03-06T11:16:24","date_gmt":"2026-03-06T10:16:24","guid":{"rendered":"https:\/\/serbenidorm.daliisolutions.com\/index.php\/2026\/03\/06\/el-huesitos-la-vila-se-cita-con-la-historia-recibiendo-al-cisneros-en-el-pantano\/"},"modified":"2026-03-06T11:16:24","modified_gmt":"2026-03-06T10:16:24","slug":"el-huesitos-la-vila-se-cita-con-la-historia-recibiendo-al-cisneros-en-el-pantano","status":"publish","type":"post","link":"https:\/\/serbenidorm.daliisolutions.com\/index.php\/2026\/03\/06\/el-huesitos-la-vila-se-cita-con-la-historia-recibiendo-al-cisneros-en-el-pantano\/","title":{"rendered":"El Huesitos La Vila se cita con la historia recibiendo al Cisneros en El Pantano"},"content":{"rendered":" <p>El Huesitos La Vila vuelve este domingo (12:00 horas) al Estadio del Pantano para iniciar la segunda fase de la competici\u00f3n en la Divisi\u00f3n de Honor del rugby nacional y lo har\u00e1 cit\u00e1ndose, no s\u00f3lo con el Cisneros, sino tambi\u00e9n con su propia historia ya que los de Hern\u00e1n \u2018Falu\u2019 Quirelli pelear\u00e1n este a\u00f1o por el t\u00edtulo de campeones de liga, un logro que ya alcanzaron en 2011 y que, pese a lo dif\u00edcil de la empresa, aspiran a repetir dentro de apenas dos meses.<\/p>  <p>Para lograrlo, el primer gran objetivo ser\u00e1 terminar esta segunda fase de la temporada, con un total de cinco partidos (dos en casa y tres fuera) entre los cuatro primeros clasificados, algo que dar\u00eda derecho a disputar los cuartos de final, a partido \u00fanico, en El Pantano.<\/p>  <p>El primer gran escollo es esta andadura ser\u00e1 el Cisneros, un rival que esta temporada se ha convertido en la aut\u00e9ntica bestia negra del XV chocolatero despu\u00e9s de que los madrile\u00f1os, siempre en su casa del Estadio Nacional Complutense, infligieran a los vileros una de las derrotas m\u00e1s duras de la primera vuelta (45-14) y, apenas una semana despu\u00e9s, los apearan de la Copa del Rey en un partido algo m\u00e1s igualado, pero todav\u00eda insuficiente por parte de los de \u2018Falu\u2019.<\/p>  <p>Ahora, el Huesitos La Vila quiere hacer valer el factor cancha para vengarse de esas dos afrentas sufridas ante un Cisneros que, toda vez que en este segunda fase de la competici\u00f3n se \u2018arrastran\u2019 los puntos obtenidos hasta ahora, marcha sexto con s\u00f3lo un punto menos que los vileros, que marcan la cuarta plaza.<\/p>  <p>Desde el club se ha hecho un llamamiento a la afici\u00f3n de La Vila Joiosa y de toda la Marina Baixa para que se congregue el domingo en El Pantano para ayudar a poner la primera piedra en ese camino en el que el Huesitos-La Vila tratar\u00e1, al menos en primera instancia, meterse entre los cuatro primeros y, con ello, disputar los cuartos de final en casa.<\/p> ","protected":false},"excerpt":{"rendered":"<p>Este domingo arranca la segunda fase de la competici\u00f3n con los de \u2018Falu\u2019 Quirelli peleando por el t\u00edtulo de campe\u00f3n<\/p>\n","protected":false},"author":0,"featured_media":23048,"comment_status":"","ping_status":"open","sticky":false,"template":"","format":"standard","meta":{"_acf_changed":false,"footnotes":""},"categories":[16],"tags":[],"class_list":["post-23047","post","type-post","status-publish","format-standard","has-post-thumbnail","hentry","category-deportes"],"acf":{"ser_id":"FGKGHGF2S5EZHBFUCCHI3VOCHE","ser_url":"https:\/\/cadenaser.com\/comunitat-valenciana\/2026\/03\/06\/el-huesitos-la-vila-se-cita-con-la-historia-recibiendo-al-cisneros-en-el-pantano-radio-benidorm\/"},"_links":{"self":[{"href":"https:\/\/serbenidorm.daliisolutions.com\/index.php\/wp-json\/wp\/v2\/posts\/23047","targetHints":{"allow":["GET"]}}],"collection":[{"href":"https:\/\/serbenidorm.daliisolutions.com\/index.php\/wp-json\/wp\/v2\/posts"}],"about":[{"href":"https:\/\/serbenidorm.daliisolutions.com\/index.php\/wp-json\/wp\/v2\/types\/post"}],"replies":[{"embeddable":true,"href":"https:\/\/serbenidorm.daliisolutions.com\/index.php\/wp-json\/wp\/v2\/comments?post=23047"}],"version-history":[{"count":0,"href":"https:\/\/serbenidorm.daliisolutions.com\/index.php\/wp-json\/wp\/v2\/posts\/23047\/revisions"}],"wp:featuredmedia":[{"embeddable":true,"href":"https:\/\/serbenidorm.daliisolutions.com\/index.php\/wp-json\/wp\/v2\/media\/23048"}],"wp:attachment":[{"href":"https:\/\/serbenidorm.daliisolutions.com\/index.php\/wp-json\/wp\/v2\/media?parent=23047"}],"wp:term":[{"taxonomy":"category","embeddable":true,"href":"https:\/\/serbenidorm.daliisolutions.com\/index.php\/wp-json\/wp\/v2\/categories?post=23047"},{"taxonomy":"post_tag","embeddable":true,"href":"https:\/\/serbenidorm.daliisolutions.com\/index.php\/wp-json\/wp\/v2\/tags?post=23047"}],"curies":[{"name":"wp","href":"https:\/\/api.w.org\/{rel}","templated":true}]}}