{"id":23049,"date":"2026-03-06T11:50:49","date_gmt":"2026-03-06T10:50:49","guid":{"rendered":"https:\/\/serbenidorm.daliisolutions.com\/index.php\/2026\/03\/06\/el-servigroup-benidorm-vuelve-al-palau-ante-el-historico-almeria\/"},"modified":"2026-03-06T11:50:49","modified_gmt":"2026-03-06T10:50:49","slug":"el-servigroup-benidorm-vuelve-al-palau-ante-el-historico-almeria","status":"publish","type":"post","link":"https:\/\/serbenidorm.daliisolutions.com\/index.php\/2026\/03\/06\/el-servigroup-benidorm-vuelve-al-palau-ante-el-historico-almeria\/","title":{"rendered":"El Servigroup Benidorm vuelve al Palau ante el hist\u00f3rico Almer\u00eda"},"content":{"rendered":" <p>Tras la jornada de descanso motivada por la disputa de la Copa del Rey, la Superliga Masculina regresa este s\u00e1bado (17:00 horas) al Palau d\u2019Esports, donde el Servigroup Benidorm recibir\u00e1 a Unicaja Costa de Almer\u00eda en un encuentro de enorme importancia para los intereses del conjunto benidormense.<\/p>  <p>El equipo dirigido por Mat\u00edas Guidolin afronta el choque con buenas sensaciones despu\u00e9s de la importante victoria lograda en la \u00faltima jornada en el polideportivo Nou Moles (Valencia) ante Conqueridor Valencia, un triunfo que permiti\u00f3 al Servigroup Benidorm salir de los puestos de descenso y reforzar la confianza del grupo en el tramo decisivo de la temporada.<\/p>  <p>Adem\u00e1s, el conjunto benidormense recupera efectivos importantes para este encuentro, ya que el capit\u00e1n y colocador Sergio Ram\u00edrez vuelve a estar al cien por cien tras perderse el \u00faltimo compromiso, lo que permite al t\u00e9cnico argentino contar con todos sus jugadores disponibles, inclu\u00eddo el central colombiano Leandro Mej\u00eda, que debutar\u00e1 ante su afici\u00f3n<\/p>  <p>El entrenador del Servigroup Benidorm ha destacado el buen trabajo realizado por el equipo durante estas dos semanas sin competici\u00f3n: \u201cEl grupo est\u00e1 bien. Hemos aprovechado la semana de Copa del Rey para trabajar algunas cosas espec\u00edficas, mejorar aspectos f\u00edsicos y reforzar el estado de \u00e1nimo y la convivencia del equipo\u201d.<\/p>  <p>Guidolin tambi\u00e9n subraya la importancia de volver a competir ante la afici\u00f3n del Palau: \u201cEstamos con la perspectiva de volver a jugar en casa y de sumar puntos ante un rival hist\u00f3rico de la competici\u00f3n\u201d.<\/p>  <p>El conjunto almeriense, uno de los clubes m\u00e1s laureados del voleibol espa\u00f1ol, llega tras atravesar una temporada marcada por diversas lesiones que han obligado a dar protagonismo a jugadores j\u00f3venes del club.<\/p>  <p>Sin embargo, el t\u00e9cnico benidormense advierte de la peligrosidad del rival: \u201cEs un equipo que ha sufrido muchas lesiones de jugadores de experiencia, pero que ha sabido competir con jugadores juveniles que lo han hecho muy bien en momentos importantes. Ahora llegan con muchos de sus jugadores recuperados y ser\u00e1 un partido muy competitivo\u201d.<\/p>  <p>Por ello, el cuerpo t\u00e9cnico ha centrado buena parte del trabajo semanal en preparar diferentes escenarios t\u00e1cticos: \u201cTenemos que tener bien estudiadas sus situaciones de juego y las posibles alineaciones. Hemos trabajado sobre la confianza y el estado de \u00e1nimo del grupo para darle continuidad al buen resultado de Valencia y darle m\u00e1s jerarqu\u00eda a nuestro juego\u201d.<\/p>  <p>La 19\u00aa jornada de la Superliga Masculina presenta enfrentamientos clave tanto en la zona alta como en la lucha por la permanencia. Para el Servigroup Benidorm, sumar en este encuentro supondr\u00eda un paso muy importante para consolidarse fuera de los puestos de descenso y afrontar con mayor tranquilidad el tramo final del campeonato.<\/p>  <p>Consciente de lo mucho que hay en juego, el club ha querido hacer un llamamiento especial a todos sus aficionados para llenar las gradas del Palau d\u2019Esports l\u2019Illa y convertir el pabell\u00f3n en un aut\u00e9ntico fort\u00edn.<\/p> ","protected":false},"excerpt":{"rendered":"<p>Los de Mat\u00edas Guidolin llegan con buenas sensaciones tras de la importante victoria lograda ante Conqueridor Valencia<\/p>\n","protected":false},"author":0,"featured_media":23050,"comment_status":"","ping_status":"open","sticky":false,"template":"","format":"standard","meta":{"_acf_changed":false,"footnotes":""},"categories":[16],"tags":[],"class_list":["post-23049","post","type-post","status-publish","format-standard","has-post-thumbnail","hentry","category-deportes"],"acf":{"ser_id":"CFSL6J65FZB5PPXZKOIG76JDNU","ser_url":"https:\/\/cadenaser.com\/comunitat-valenciana\/2026\/03\/06\/el-servigroup-benidorm-vuelve-al-palau-ante-el-historico-almeria-radio-benidorm\/"},"_links":{"self":[{"href":"https:\/\/serbenidorm.daliisolutions.com\/index.php\/wp-json\/wp\/v2\/posts\/23049","targetHints":{"allow":["GET"]}}],"collection":[{"href":"https:\/\/serbenidorm.daliisolutions.com\/index.php\/wp-json\/wp\/v2\/posts"}],"about":[{"href":"https:\/\/serbenidorm.daliisolutions.com\/index.php\/wp-json\/wp\/v2\/types\/post"}],"replies":[{"embeddable":true,"href":"https:\/\/serbenidorm.daliisolutions.com\/index.php\/wp-json\/wp\/v2\/comments?post=23049"}],"version-history":[{"count":0,"href":"https:\/\/serbenidorm.daliisolutions.com\/index.php\/wp-json\/wp\/v2\/posts\/23049\/revisions"}],"wp:featuredmedia":[{"embeddable":true,"href":"https:\/\/serbenidorm.daliisolutions.com\/index.php\/wp-json\/wp\/v2\/media\/23050"}],"wp:attachment":[{"href":"https:\/\/serbenidorm.daliisolutions.com\/index.php\/wp-json\/wp\/v2\/media?parent=23049"}],"wp:term":[{"taxonomy":"category","embeddable":true,"href":"https:\/\/serbenidorm.daliisolutions.com\/index.php\/wp-json\/wp\/v2\/categories?post=23049"},{"taxonomy":"post_tag","embeddable":true,"href":"https:\/\/serbenidorm.daliisolutions.com\/index.php\/wp-json\/wp\/v2\/tags?post=23049"}],"curies":[{"name":"wp","href":"https:\/\/api.w.org\/{rel}","templated":true}]}}